{"id":12543,"date":"2015-02-11T08:25:32","date_gmt":"2015-02-11T10:25:32","guid":{"rendered":"https:\/\/www.mpal.mp.br\/?p=12543"},"modified":"2022-07-18T08:28:03","modified_gmt":"2022-07-18T11:28:03","slug":"mpe-al-solicita-novas-informacoes-sobre-frequencia-dos-vereadores-de-maceio-as-sessoes-da-camara-dados-apresentados-foram-insuficientes","status":"publish","type":"post","link":"https:\/\/www.mpal.mp.br\/?p=12543","title":{"rendered":"MPE\/AL solicita novas informa\u00e7\u00f5es sobre frequ\u00eancia dos vereadores de Macei\u00f3 \u00e0s sess\u00f5es da C\u00e2mara; dados apresentados foram insuficientes"},"content":{"rendered":"<p style=\"text-align: justify;\"><span style=\"font-size: 14pt;\">Insatisfeito com as informa\u00e7\u00f5es apresentadas pela C\u00e2mara Municipal de Macei\u00f3, o Minist\u00e9rio P\u00fablico do Estado de Alagoas (MPE\/AL) solicitar\u00e1, novamente, dados complementares que justifiquem as faltas dos vereadores \u00e0s sess\u00f5es parlamentares. Dessa vez, a data limite para o Legislativo apresentar as justificativas que condizem com o Regimento Interno da Casa, Lei Org\u00e2nica do Munic\u00edpio e da Constitui\u00e7\u00e3o Federal ser\u00e1 o dia 27 de fevereiro.<\/span><\/p>\n<p style=\"text-align: justify;\"><span style=\"font-size: 14pt;\">A promotora de Justi\u00e7a da Fazenda P\u00fablica Municipal, Marluce Caldas, recebeu a primeira remessa de informa\u00e7\u00f5es complementares nesta ter\u00e7a-feira (10), ap\u00f3s oficializar a Mesa Diretora da C\u00e2mara de Vereadores no final de janeiro. No entanto, o conte\u00fado que chegou ao MPE\/AL foi considerado \u201cinsuficiente\u201d pela promotora.<\/span><\/p>\n<p style=\"text-align: justify;\"><span style=\"font-size: 14pt;\">Dessa vez, Marluce Caldas pede a lista dos n\u00fameros de todos os processos de justificativas de falta dos vereadores referente ao ano de 2014, j\u00e1 que nas c\u00f3pias dos procedimentos j\u00e1 enviados ao MPE\/AL n\u00e3o constam o respectivo n\u00famero de protocolo. A promotora tamb\u00e9m solicita uma justificativa da Mesa Diretora em rela\u00e7\u00e3o \u00e0 aus\u00eancia de publica\u00e7\u00e3o mensal das frequ\u00eancias \u00e0s sess\u00f5es legislativas no Di\u00e1rio Oficial do Munic\u00edpio ao longo do ano passado.<\/span><\/p>\n<p style=\"text-align: justify;\"><span style=\"font-size: 14pt;\">\u201cPrecisamos de mais documentos oficiais para garantir a publicidade e a transpar\u00eancia da assiduidade dos parlamentares \u00e0 Casa onde atuam. N\u00e3o podemos deixar que qualquer tipo de justificativa seja usada de salvo-conduto para a falta dos vereadores \u00e0s sess\u00f5es\u201d, disse a titular da 14\u00aa Promotoria de Justi\u00e7a da Capital<\/span><\/p>\n<p style=\"text-align: justify;\"><span style=\"font-size: 14pt;\">Marluce Caldas tamb\u00e9m lembrou a necessidade de se comprovar a frequ\u00eancia n\u00e3o s\u00f3 por quest\u00e3o moral, como tamb\u00e9m devido \u00e0 aplica\u00e7\u00e3o dos dispositivos legais, que implicam em desconto dos sal\u00e1rios e perda do mandato. Quanto \u00e0 devolu\u00e7\u00e3o de quase R$ 150 mil que os vereadores faltosos ficaram de fazer, o MPE\/AL foi informado de que o valor seria dividido em seis vezes, a serem pagos a partir de janeiro.<\/span><\/p>\n<p style=\"text-align: justify;\"><span style=\"font-size: 14pt;\"><strong>Apura\u00e7\u00e3o de den\u00fancia<\/strong><\/span><\/p>\n<p style=\"text-align: justify;\"><span style=\"font-size: 14pt;\">Em procedimento preparat\u00f3rio instaurado pela 14\u00aa Promotoria de Justi\u00e7a da Capital, o Minist\u00e9rio P\u00fablico investiga se as justificativas das faltas \u00e0s sess\u00f5es apresentadas pelos vereadores est\u00e3o dentro da lei e se os faltosos devolveram cerca de R$ 150 mil aos cofres p\u00fablicos em virtude de terem recebido sal\u00e1rios integrais ao longo do exerc\u00edcio de 2014.<\/span><\/p>\n<p style=\"text-align: justify;\"><span style=\"font-size: 14pt;\">Em dezembro, a C\u00e2mara Municipal de Macei\u00f3 divulgou no Di\u00e1rio Oficial Municipal uma tabela com o n\u00famero de faltas justificadas ou n\u00e3o de cada parlamentar. Dos 21 parlamentares, apenas tr\u00eas compareceram a 2\/3 das 98 sess\u00f5es ordin\u00e1rias no ano passado.<\/span><\/p>\n<p style=\"text-align: justify;\"><span style=\"font-size: 14pt;\">Os demais s\u00f3 n\u00e3o perderam o mandato, conforme prev\u00ea a Constitui\u00e7\u00e3o Federal, porque tiveram uma grande quantidade de faltas justificadas. Segundo o documento, o vereador Ant\u00f4nio Holanda Costa, por exemplo, faltou aos trabalhos legislativos 82 vezes, sendo que em 69 delas houve justificativa.<\/span><\/p>\n<p style=\"text-align: justify;\"><span style=\"font-size: 14pt;\">A atua\u00e7\u00e3o do MPE\/AL sobre a C\u00e2mara Municipal de Macei\u00f3 foi motivada por den\u00fancias do F\u00f3rum Nacional de Combate \u00e0 Corrup\u00e7\u00e3o Eleitoral em Alagoas (FNCCE). O Partido Socialismo e Liberdade (PSOL) tamb\u00e9m entrou com uma representa\u00e7\u00e3o no Minist\u00e9rio P\u00fablico para que fosse investigada a frequ\u00eancia dos vereadores.<\/span><\/p>\n","protected":false},"excerpt":{"rendered":"<p> [&hellip;]<\/p>\n","protected":false},"author":4,"featured_media":7620,"comment_status":"open","ping_status":"open","sticky":false,"template":"","format":"standard","meta":{"om_disable_all_campaigns":false,"_monsterinsights_skip_tracking":false,"_monsterinsights_sitenote_active":false,"_monsterinsights_sitenote_note":"","_monsterinsights_sitenote_category":0,"_uf_show_specific_survey":0,"_uf_disable_surveys":false,"footnotes":""},"categories":[2],"tags":[],"class_list":["post-12543","post","type-post","status-publish","format-standard","has-post-thumbnail","hentry","category-not_mpal"],"aioseo_notices":[],"_links":{"self":[{"href":"https:\/\/www.mpal.mp.br\/index.php?rest_route=\/wp\/v2\/posts\/12543","targetHints":{"allow":["GET"]}}],"collection":[{"href":"https:\/\/www.mpal.mp.br\/index.php?rest_route=\/wp\/v2\/posts"}],"about":[{"href":"https:\/\/www.mpal.mp.br\/index.php?rest_route=\/wp\/v2\/types\/post"}],"author":[{"embeddable":true,"href":"https:\/\/www.mpal.mp.br\/index.php?rest_route=\/wp\/v2\/users\/4"}],"replies":[{"embeddable":true,"href":"https:\/\/www.mpal.mp.br\/index.php?rest_route=%2Fwp%2Fv2%2Fcomments&post=12543"}],"version-history":[{"count":1,"href":"https:\/\/www.mpal.mp.br\/index.php?rest_route=\/wp\/v2\/posts\/12543\/revisions"}],"predecessor-version":[{"id":12544,"href":"https:\/\/www.mpal.mp.br\/index.php?rest_route=\/wp\/v2\/posts\/12543\/revisions\/12544"}],"wp:featuredmedia":[{"embeddable":true,"href":"https:\/\/www.mpal.mp.br\/index.php?rest_route=\/wp\/v2\/media\/7620"}],"wp:attachment":[{"href":"https:\/\/www.mpal.mp.br\/index.php?rest_route=%2Fwp%2Fv2%2Fmedia&parent=12543"}],"wp:term":[{"taxonomy":"category","embeddable":true,"href":"https:\/\/www.mpal.mp.br\/index.php?rest_route=%2Fwp%2Fv2%2Fcategories&post=12543"},{"taxonomy":"post_tag","embeddable":true,"href":"https:\/\/www.mpal.mp.br\/index.php?rest_route=%2Fwp%2Fv2%2Ftags&post=12543"}],"curies":[{"name":"wp","href":"https:\/\/api.w.org\/{rel}","templated":true}]}}