{"id":12538,"date":"2015-03-03T08:20:30","date_gmt":"2015-03-03T11:20:30","guid":{"rendered":"https:\/\/www.mpal.mp.br\/?p=12538"},"modified":"2022-07-18T08:22:00","modified_gmt":"2022-07-18T11:22:00","slug":"apos-cruzamentos-de-folhas-promotorias-das-fazendas-publicas-municipal-e-estadual-pedem-que-gestores-exonerem-servidores-que-acumulam-cargos-ilicitamente","status":"publish","type":"post","link":"https:\/\/www.mpal.mp.br\/?p=12538","title":{"rendered":"Ap\u00f3s cruzamentos de folhas, Promotorias das Fazendas P\u00fablicas Municipal e Estadual pedem que gestores exonerem servidores que acumulam cargos ilicitamente"},"content":{"rendered":"<p style=\"text-align: justify;\"><span style=\"font-size: 14pt;\">Um cruzamento realizado entre as folhas de pagamento do Estado, do Munic\u00edpio de Macei\u00f3, da Assembleia Legislativa de Alagoas e da C\u00e2mara de Vereadores da capital, a pedido do Minist\u00e9rio P\u00fablico Estadual de Alagoas, constatou que existem mais de cinco mil servidores p\u00fablicos acumulando dois, tr\u00eas ou at\u00e9 quatro cargos em inst\u00e2ncias de poderes diferentes. Tal diagn\u00f3stico foi realizado em fun\u00e7\u00e3o do procedimento n\u00ba 007\/2013, que teve o objetivo de investigar a acumula\u00e7\u00e3o il\u00edcita de cargos por parte de funcion\u00e1rios efetivos e comissionados. Diante dessa constata\u00e7\u00e3o, o MPE\/AL quer que as institui\u00e7\u00f5es adotem as medidas necess\u00e1rias para demitir aquelas pessoas que estejam ocupando as fun\u00e7\u00f5es de maneira irregular.<\/span><\/p>\n<p style=\"text-align: justify;\"><span style=\"font-size: 14pt;\">O resultado do cruzamento foi apresentado aos promotores de Justi\u00e7a Fernanda Moreira e Coaracy Fonseca, titulares das 15\u00aa e 17\u00aa Promotorias de Justi\u00e7a das Fazendas P\u00fablicas Municipal e Estadual, numa reuni\u00e3o que ocorreu na sede do Minist\u00e9rio P\u00fablico, no \u00faltimo dia 27. Foi a Secretaria de Estado do Planejamento, Gest\u00e3o e Patrim\u00f4nio (Segesp) que realizou o cruzamento e encontrou cerca de cinco mil servidores em situa\u00e7\u00f5es de acumula\u00e7\u00f5es de cargos.<\/span><\/p>\n<p style=\"text-align: justify;\"><span style=\"font-size: 14pt;\">\u201cAinda n\u00e3o sabemos quantos desses funcion\u00e1rios est\u00e3o exercendo os trabalhos de forma irregular, haja vista que h\u00e1 previs\u00e3o na Constitui\u00e7\u00e3o Federal para o ac\u00famulo de cargos em alguns casos, a exemplo da atividade de doc\u00eancia. Ent\u00e3o, uma comiss\u00e3o mista foi criada, entre t\u00e9cnicos do Estado e do Munic\u00edpio, exatamente com a finalidade de convocar esses servidores e saber da situa\u00e7\u00e3o de cada um. Os casos comprovados de ilegalidade ser\u00e3o corrigidos, ou seja, os servidores ter\u00e3o que optar por um dos trabalhos. E claro, aquelas situa\u00e7\u00f5es de ac\u00famulo de tr\u00eas e quatro cargos, n\u00e3o ter\u00e3o nem argumentos aceitos. Humanamente \u00e9 imposs\u00edvel trabalhar em quatro empregos por dia\u201d, explicou a promotora de Justi\u00e7a Fernanda Moreira.<\/span><\/p>\n<p style=\"text-align: justify;\"><span style=\"font-size: 14pt;\">\u201cEste \u00e9 o segundo passo no trabalho de instru\u00e7\u00e3o do procedimento administrativo em curso. Conclu\u00edda essa etapa com \u00eaxito, iremos avaliar, em conjunto com as demais autoridades que participam da atividade, outras medidas a serem adotadas, se for o caso. O nosso objetivo principal \u00e9 coibir a sangria nos cofres p\u00fablicos\u201d, defendeu o promotor de Justi\u00e7a Coaracy Fonseca.<\/span><\/p>\n<p style=\"text-align: justify;\"><span style=\"font-size: 14pt;\"><strong>Prazo<\/strong><\/span><\/p>\n<p style=\"text-align: justify;\"><span style=\"font-size: 14pt;\">Ap\u00f3s a reuni\u00e3o da semana passada, ficou estabelecido que a comiss\u00e3o mista ter\u00e1 que ser criada, atrav\u00e9s de portaria a ser publicada no Di\u00e1rio Oficial, tanto do Estado quanto do Munic\u00edpio, dentro de um prazo de 30 dias. E, ap\u00f3s a cria\u00e7\u00e3o dela, cada Poder Executivo e Legislativo ter\u00e1 120 dias para solucionar os casos constatados como ilegais. Findado esse prazo, um relat\u00f3rio com a ado\u00e7\u00e3o das medidas que foram realizadas ter\u00e1 que ser entregue ao Minist\u00e9rio P\u00fablico.<\/span><\/p>\n<p style=\"text-align: justify;\"><span style=\"font-size: 14pt;\">Essa investiga\u00e7\u00e3o teve in\u00edcio em 2013 quando as 15\u00aa e 17\u00aa Promotorias de Justi\u00e7a das Fazendas P\u00fablicas Municipal e Estadual receberam den\u00fancias de que havia funcion\u00e1rios p\u00fablicos recebendo v\u00e1rios sal\u00e1rios por ac\u00famulo ilegal de cargos.<\/span><\/p>\n","protected":false},"excerpt":{"rendered":"<p> [&hellip;]<\/p>\n","protected":false},"author":4,"featured_media":7620,"comment_status":"open","ping_status":"open","sticky":false,"template":"","format":"standard","meta":{"om_disable_all_campaigns":false,"_monsterinsights_skip_tracking":false,"_monsterinsights_sitenote_active":false,"_monsterinsights_sitenote_note":"","_monsterinsights_sitenote_category":0,"_uf_show_specific_survey":0,"_uf_disable_surveys":false,"footnotes":""},"categories":[2],"tags":[],"class_list":["post-12538","post","type-post","status-publish","format-standard","has-post-thumbnail","hentry","category-not_mpal"],"aioseo_notices":[],"_links":{"self":[{"href":"https:\/\/www.mpal.mp.br\/index.php?rest_route=\/wp\/v2\/posts\/12538","targetHints":{"allow":["GET"]}}],"collection":[{"href":"https:\/\/www.mpal.mp.br\/index.php?rest_route=\/wp\/v2\/posts"}],"about":[{"href":"https:\/\/www.mpal.mp.br\/index.php?rest_route=\/wp\/v2\/types\/post"}],"author":[{"embeddable":true,"href":"https:\/\/www.mpal.mp.br\/index.php?rest_route=\/wp\/v2\/users\/4"}],"replies":[{"embeddable":true,"href":"https:\/\/www.mpal.mp.br\/index.php?rest_route=%2Fwp%2Fv2%2Fcomments&post=12538"}],"version-history":[{"count":1,"href":"https:\/\/www.mpal.mp.br\/index.php?rest_route=\/wp\/v2\/posts\/12538\/revisions"}],"predecessor-version":[{"id":12539,"href":"https:\/\/www.mpal.mp.br\/index.php?rest_route=\/wp\/v2\/posts\/12538\/revisions\/12539"}],"wp:featuredmedia":[{"embeddable":true,"href":"https:\/\/www.mpal.mp.br\/index.php?rest_route=\/wp\/v2\/media\/7620"}],"wp:attachment":[{"href":"https:\/\/www.mpal.mp.br\/index.php?rest_route=%2Fwp%2Fv2%2Fmedia&parent=12538"}],"wp:term":[{"taxonomy":"category","embeddable":true,"href":"https:\/\/www.mpal.mp.br\/index.php?rest_route=%2Fwp%2Fv2%2Fcategories&post=12538"},{"taxonomy":"post_tag","embeddable":true,"href":"https:\/\/www.mpal.mp.br\/index.php?rest_route=%2Fwp%2Fv2%2Ftags&post=12538"}],"curies":[{"name":"wp","href":"https:\/\/api.w.org\/{rel}","templated":true}]}}