{"id":12523,"date":"2007-10-25T11:33:44","date_gmt":"2007-10-25T13:33:44","guid":{"rendered":"https:\/\/www.mpal.mp.br\/?p=12523"},"modified":"2022-07-15T11:34:49","modified_gmt":"2022-07-15T14:34:49","slug":"mp-recomenda-ao-ima-suspensao-dos-espigoes-em-guaxuma","status":"publish","type":"post","link":"https:\/\/www.mpal.mp.br\/?p=12523","title":{"rendered":"MP recomenda ao IMA suspens\u00e3o dos espig\u00f5es em Guaxuma"},"content":{"rendered":"<p style=\"text-align: justify;\"><span style=\"font-size: 14pt;\">O Minist\u00e9rio P\u00fablico de Alagoas decidiu recomendar ao Instituto do Meio Ambiente (IMA) a suspens\u00e3o das licen\u00e7as ambientais concedidas para a constru\u00e7\u00e3o de tr\u00eas edif\u00edcios de 14 andares cada \u00e0 beira-mar na praia de Guaxuma, no Litoral Norte de Macei\u00f3. A recomenda\u00e7\u00e3o foi entregue hoje ao presidente do IMA, Adriano Augusto de Ara\u00fajo Jorge, durante audi\u00eancia realizada na sede da Procuradoria-Geral de Justi\u00e7a, pelos promotores de Justi\u00e7a Dalva Ten\u00f3rio e Alberto Fonseca, da Promotoria de Meio Ambiente do Minist\u00e9rio P\u00fablico Estadual.<\/span><\/p>\n<p style=\"text-align: justify;\"><span style=\"font-size: 14pt;\">O presidente do IMA tem dez dias para decidir se acata ou n\u00e3o a recomenda\u00e7\u00e3o do Minist\u00e9rio P\u00fablico. Adriano Jorge n\u00e3o quis adiantar qual ser\u00e1 a decis\u00e3o do \u00f3rg\u00e3o, mas elogiou a iniciativa da Promotoria do Meio Ambiente e disse que durante a sua gest\u00e3o far\u00e1 quest\u00e3o de trabalhar em parceria com o MP Estadual. Durante a audi\u00eancia, Adraino Jorge estava acompanhado do diretor t\u00e9cnico do IMA, Gustavo da Silva Carvalho, e do procurador do Instituto, advogado Ant\u00f4nio de P\u00e1dua Carvalho Paes.<\/span><\/p>\n<p style=\"text-align: justify;\"><span style=\"font-size: 14pt;\">De acordo com a recomenda\u00e7\u00e3o, as licen\u00e7as s\u00f3 devem ser reativadas ap\u00f3s a entrega do Estudo e do Relat\u00f3rio de Impacto Ambiental (EIA\/Rima). Os promotores recomendaram tamb\u00e9m a realiza\u00e7\u00e3o de audi\u00eancia p\u00fablica, para que os moradores da regi\u00e3o sejam ouvidos sobre o empreendimento. Eles solicitaram tamb\u00e9m que seja apresentada a identifica\u00e7\u00e3o do tratamento de esgoto, com c\u00e1lculo de efici\u00eancia do sistema; a identifica\u00e7\u00e3o do volume do reuso de efluentes tratados, com informa\u00e7\u00f5es sobre onde ser\u00e3o lan\u00e7ados e disposi\u00e7\u00e3o de excedentes.<\/span><\/p>\n","protected":false},"excerpt":{"rendered":"<p> [&hellip;]<\/p>\n","protected":false},"author":2,"featured_media":12525,"comment_status":"open","ping_status":"open","sticky":false,"template":"","format":"standard","meta":{"om_disable_all_campaigns":false,"_monsterinsights_skip_tracking":false,"_monsterinsights_sitenote_active":false,"_monsterinsights_sitenote_note":"","_monsterinsights_sitenote_category":0,"_uf_show_specific_survey":0,"_uf_disable_surveys":false,"footnotes":""},"categories":[2],"tags":[],"class_list":["post-12523","post","type-post","status-publish","format-standard","has-post-thumbnail","hentry","category-not_mpal"],"aioseo_notices":[],"_links":{"self":[{"href":"https:\/\/www.mpal.mp.br\/index.php?rest_route=\/wp\/v2\/posts\/12523","targetHints":{"allow":["GET"]}}],"collection":[{"href":"https:\/\/www.mpal.mp.br\/index.php?rest_route=\/wp\/v2\/posts"}],"about":[{"href":"https:\/\/www.mpal.mp.br\/index.php?rest_route=\/wp\/v2\/types\/post"}],"author":[{"embeddable":true,"href":"https:\/\/www.mpal.mp.br\/index.php?rest_route=\/wp\/v2\/users\/2"}],"replies":[{"embeddable":true,"href":"https:\/\/www.mpal.mp.br\/index.php?rest_route=%2Fwp%2Fv2%2Fcomments&post=12523"}],"version-history":[{"count":1,"href":"https:\/\/www.mpal.mp.br\/index.php?rest_route=\/wp\/v2\/posts\/12523\/revisions"}],"predecessor-version":[{"id":12524,"href":"https:\/\/www.mpal.mp.br\/index.php?rest_route=\/wp\/v2\/posts\/12523\/revisions\/12524"}],"wp:featuredmedia":[{"embeddable":true,"href":"https:\/\/www.mpal.mp.br\/index.php?rest_route=\/wp\/v2\/media\/12525"}],"wp:attachment":[{"href":"https:\/\/www.mpal.mp.br\/index.php?rest_route=%2Fwp%2Fv2%2Fmedia&parent=12523"}],"wp:term":[{"taxonomy":"category","embeddable":true,"href":"https:\/\/www.mpal.mp.br\/index.php?rest_route=%2Fwp%2Fv2%2Fcategories&post=12523"},{"taxonomy":"post_tag","embeddable":true,"href":"https:\/\/www.mpal.mp.br\/index.php?rest_route=%2Fwp%2Fv2%2Ftags&post=12523"}],"curies":[{"name":"wp","href":"https:\/\/api.w.org\/{rel}","templated":true}]}}