{"id":12520,"date":"2007-11-06T10:38:20","date_gmt":"2007-11-06T12:38:20","guid":{"rendered":"https:\/\/www.mpal.mp.br\/?p=12520"},"modified":"2022-07-15T10:38:54","modified_gmt":"2022-07-15T13:38:54","slug":"mp-estipula-prazo-para-recadastramento-de-animais-de-tracao","status":"publish","type":"post","link":"https:\/\/www.mpal.mp.br\/?p=12520","title":{"rendered":"MP estipula prazo para recadastramento de animais de tra\u00e7\u00e3o"},"content":{"rendered":"<p style=\"text-align: justify;\"><span style=\"font-size: 14pt;\">O Minist\u00e9rio P\u00fablico Estadual deu um prazo de 60 dias para a Prefeitura de Macei\u00f3 realizar o recadastramento dos animais de tra\u00e7\u00e3o \u2013 cavalos, bestas e burros &#8211; que s\u00e3o usados em carro\u00e7as na cidade. O levantamento ser\u00e1 feito pelo Centro de Controle de Zoonoses (CCZ), que ficar\u00e1 respons\u00e1vel tamb\u00e9m pelo diagn\u00f3stico da situa\u00e7\u00e3o dos animais cadastrados. O prazo para a realiza\u00e7\u00e3o desse levantamento foi estipulado hoje, durante uma audi\u00eancia p\u00fablica, realizada no N\u00facleo de Meio Ambiente do MP estadual, que cobra a defini\u00e7\u00e3o de pol\u00edticas p\u00fablicas para disciplinar o uso de animais de tra\u00e7\u00e3o em Macei\u00f3.<\/span><\/p>\n<p style=\"text-align: justify;\"><span style=\"font-size: 14pt;\">A audi\u00eancia foi coordenada pela promotora de Justi\u00e7a Dalva Ten\u00f3rio, titular do N\u00facleo de Meio Ambiente do MP, e contou com a participa\u00e7\u00e3o do promotor de Justi\u00e7a Alberto Fonseca, da Promotoria Coletiva Especializada do Meio Ambiente; do superintendente municipal de Transportes e Tr\u00e2nsito (SMTT), Ivan Vilela; do coordenador do Centro de Controle de Zoonoses (CCZ), Carlos Eduardo da Silva; e de Thaysa de Almeida Novaes, da Coordena\u00e7\u00e3o de A\u00e7\u00f5es de Controle de Raiva da CCZ.<\/span><\/p>\n<p style=\"text-align: justify;\"><span style=\"font-size: 14pt;\">Segundo a promotora de Justi\u00e7a Dalva Ten\u00f3rio, o diagn\u00f3stico da situa\u00e7\u00e3o sanit\u00e1ria desses animais e da forma como s\u00e3o tratados na lida di\u00e1ria tem que come\u00e7ar do zero, porque os dados de um cadastramento anterior, que teria sido realizado pela Prefeitura em 2003, n\u00e3o foram localizados. Al\u00e9m disso, o pr\u00f3prio superintendente da SMTT, Ivan Vilela, reconheceu em seu depoimento que n\u00e3o existem pol\u00edticas p\u00fablicas para o carroceiros, muito menos para os animais, \u201cnem nesta, nem nas administra\u00e7\u00f5es anteriores\u201d.<\/span><\/p>\n<p style=\"text-align: justify;\"><span style=\"font-size: 14pt;\">O coordenador da CCZ, Carlos Eduardo, tamb\u00e9m reconheceu que n\u00e3o existe uma fiscaliza\u00e7\u00e3o ativa dos animais de tra\u00e7\u00e3o em Macei\u00f3. \u201cA fiscaliza\u00e7\u00e3o que fazemos \u00e9 com base nas den\u00fancias que recebemos da comunidade, na maioria das vezes den\u00fancia de maus tratos ou para recolher animais soltos nas ruas e avenidas\u201d, Por isso, com a recomenda\u00e7\u00e3o do MP estadual, ele ficou de montar uma estrat\u00e9gia para proceder o recadastramento e conseq\u00fcentemente o registro desses animais.<\/span><\/p>\n<p style=\"text-align: justify;\"><span style=\"font-size: 14pt;\">\u201cPara que esse diagn\u00f3stico seja o mais realista poss\u00edvel, n\u00f3s sugerimos que a prefeitura realize uma divulga\u00e7\u00e3o do recadastramento desses animais, junto aos pontos de concentra\u00e7\u00e3o de carro\u00e7as e carroceiros, que geralmente ficam em pra\u00e7as pr\u00f3ximas a dep\u00f3sitos de constru\u00e7\u00e3o\u201d, destacou Dalva Ten\u00f3rio. \u201cO importante \u00e9 que esse levantamento seja feito, porque n\u00e3o sabemos nem quantos animais circulam na cidade, como poderemos tra\u00e7ar pol\u00edtica p\u00fablicas para eles e seus propriet\u00e1rios\u201d, acrescentou.<\/span><\/p>\n","protected":false},"excerpt":{"rendered":"<p> [&hellip;]<\/p>\n","protected":false},"author":2,"featured_media":12521,"comment_status":"open","ping_status":"open","sticky":false,"template":"","format":"standard","meta":{"om_disable_all_campaigns":false,"_monsterinsights_skip_tracking":false,"_monsterinsights_sitenote_active":false,"_monsterinsights_sitenote_note":"","_monsterinsights_sitenote_category":0,"_uf_show_specific_survey":0,"_uf_disable_surveys":false,"footnotes":""},"categories":[2],"tags":[],"class_list":["post-12520","post","type-post","status-publish","format-standard","has-post-thumbnail","hentry","category-not_mpal"],"aioseo_notices":[],"_links":{"self":[{"href":"https:\/\/www.mpal.mp.br\/index.php?rest_route=\/wp\/v2\/posts\/12520","targetHints":{"allow":["GET"]}}],"collection":[{"href":"https:\/\/www.mpal.mp.br\/index.php?rest_route=\/wp\/v2\/posts"}],"about":[{"href":"https:\/\/www.mpal.mp.br\/index.php?rest_route=\/wp\/v2\/types\/post"}],"author":[{"embeddable":true,"href":"https:\/\/www.mpal.mp.br\/index.php?rest_route=\/wp\/v2\/users\/2"}],"replies":[{"embeddable":true,"href":"https:\/\/www.mpal.mp.br\/index.php?rest_route=%2Fwp%2Fv2%2Fcomments&post=12520"}],"version-history":[{"count":1,"href":"https:\/\/www.mpal.mp.br\/index.php?rest_route=\/wp\/v2\/posts\/12520\/revisions"}],"predecessor-version":[{"id":12522,"href":"https:\/\/www.mpal.mp.br\/index.php?rest_route=\/wp\/v2\/posts\/12520\/revisions\/12522"}],"wp:featuredmedia":[{"embeddable":true,"href":"https:\/\/www.mpal.mp.br\/index.php?rest_route=\/wp\/v2\/media\/12521"}],"wp:attachment":[{"href":"https:\/\/www.mpal.mp.br\/index.php?rest_route=%2Fwp%2Fv2%2Fmedia&parent=12520"}],"wp:term":[{"taxonomy":"category","embeddable":true,"href":"https:\/\/www.mpal.mp.br\/index.php?rest_route=%2Fwp%2Fv2%2Fcategories&post=12520"},{"taxonomy":"post_tag","embeddable":true,"href":"https:\/\/www.mpal.mp.br\/index.php?rest_route=%2Fwp%2Fv2%2Ftags&post=12520"}],"curies":[{"name":"wp","href":"https:\/\/api.w.org\/{rel}","templated":true}]}}