{"id":12517,"date":"2007-11-08T10:28:25","date_gmt":"2007-11-08T12:28:25","guid":{"rendered":"https:\/\/www.mpal.mp.br\/?p=12517"},"modified":"2022-07-15T10:37:47","modified_gmt":"2022-07-15T13:37:47","slug":"combate-a-dengue-liderancas-populares-participam-de-audiencia-publica-na-sede-do-mp","status":"publish","type":"post","link":"https:\/\/www.mpal.mp.br\/?p=12517","title":{"rendered":"Combate \u00e0 dengue: lideran\u00e7as populares participam de audi\u00eancia p\u00fablica na sede do MP"},"content":{"rendered":"<p style=\"text-align: justify;\"><span style=\"font-size: 14pt;\">As promotoras de Justi\u00e7a Micheline Ten\u00f3rio (Sa\u00fade), Cec\u00edlia Carna\u00faba (Fazenda Estadual) e Dalva Ten\u00f3rio (Meio Ambiente) reuniram-se, na tarde desta quinta-feira, com l\u00edderes comunit\u00e1rios para pedir apoio no combate \u00e0 dengue. A audi\u00eancia p\u00fablica aconteceu no audit\u00f3rio da Procuradoria Geral de Justi\u00e7a.<\/span><\/p>\n<p style=\"text-align: justify;\"><span style=\"font-size: 14pt;\">As promotoras de Justi\u00e7a pediram que os l\u00edderes difundissem informa\u00e7\u00f5es sobre o combate a dengue nas suas respectivas comunidades. \u201cVoc\u00eas s\u00e3o os parceiros mais importantes que o Minist\u00e9rio P\u00fablico pode ter. \u00c9 uma quest\u00e3o de consci\u00eancia popular. Estamos levando em considera\u00e7\u00e3o a coletividade\u201d, afirmou a promotora de Justi\u00e7a Cec\u00edlia Carna\u00faba.<\/span><\/p>\n<p style=\"text-align: justify;\"><span style=\"font-size: 14pt;\">Elas tamb\u00e9m informaram que, devido a atua\u00e7\u00e3o da For\u00e7a-Tarefa, realizada pelos agentes de sa\u00fade, Ex\u00e9rcito, Corpo de Bombeiros e Pol\u00edcia Militar, os \u00edndices de infesta\u00e7\u00e3o da dengue reduziram de 4% para 1,6%. \u201cVamos reduzir ainda mais com a ajuda de voc\u00eas\u201d, completaram.<\/span><\/p>\n<p style=\"text-align: justify;\"><span style=\"font-size: 14pt;\">A promotora de Justi\u00e7a Micheline Ten\u00f3rio aproveitou a ocasi\u00e3o para alertar que o decreto municipal, publicado e j\u00e1 regulamentado, d\u00e1 poder de pol\u00edcia aos agentes de sa\u00fade que forem impedidos de entrar nas resid\u00eancias. \u201cA id\u00e9ia \u00e9 educativa. No dia 26, vamos realizar uma audi\u00eancia com os 115 moradores resistentes \u00e0 entrada dos agentes de sa\u00fade. Depois de quatro tentativas, se ainda houver resist\u00eancia, o agente entrar\u00e1 com um policial e um chaveiro no im\u00f3vel fechado com ou sem o morador para que se fa\u00e7a o trabalho de combate \u00e0 dengue\u201d, explicou..<\/span><\/p>\n<p style=\"text-align: justify;\"><span style=\"font-size: 14pt;\">Durante a audi\u00eancia, o coordenador-geral do Centro de Controle de Zoonoses, Carlos Eduardo da Silva, exp\u00f4s aos participantes como combater v\u00e1rias endemias. \u201cNo caso da dengue, a popula\u00e7\u00e3o tem que ficar atenta aos reservat\u00f3rios de \u00e1gua, tanto em ton\u00e9is, caixa d&#8217;\u00e1gua, potes, quanto nos lixos de terrenos baldios. O mosquito da dengue pode se proliferar em qualquer lugar que acumule \u00e1gua. Para se ter uma no\u00e7\u00e3o, j\u00e1 encontramos focos da larva do mosquito em bebedouros de \u00e1gua\u201d, alertou Carlos Eduardo.<\/span><\/p>\n<p style=\"text-align: justify;\"><span style=\"font-size: 14pt;\">Para Carlos, muitas doen\u00e7as podem ser evitadas. \u201cBasta apenas que a popula\u00e7\u00e3o coopere evitando a presen\u00e7a de vetores, tendo boa pr\u00e1tica de higiene e procurando se educar\u201d, afirmou. O coordenador do CCZ tamb\u00e9m divulgou os n\u00fameros de telefones dispon\u00edveis para que a popula\u00e7\u00e3o fa\u00e7a sua den\u00fancia: 3315-5457 (den\u00fancias sobre a dengue).<\/span><\/p>\n<p style=\"text-align: justify;\"><span style=\"font-size: 14pt;\">Participaram da reuni\u00e3o representantes dos bairros de Jacarecica, Feitosa, Vale do Reginaldo, Clima Bom, Pinheiro, Cruz das Almas e Ponta Verde, grotas do Aterro, do Ouro Preto e S\u00e3o Rafael, al\u00e9m de representantes das associa\u00e7\u00f5es Pestallozi, Mulheres Vitoriosas e Mulheres Negras.<\/span><\/p>\n<p style=\"text-align: justify;\"><span style=\"font-size: 14pt;\">Segundo a promotora de Justi\u00e7a Dalva Ten\u00f3rio, o MP pretende realizar outras audi\u00eancias com os l\u00edderes comunit\u00e1rios de outros bairros. \u201c\u00c9 fundamental que todos participem. Nesta audi\u00eancia, as lideran\u00e7as comunit\u00e1rias se colocaram \u00e0 disposi\u00e7\u00e3o para o combate n\u00e3o s\u00f3 da dengue como tamb\u00e9m de outras endemias e v\u00e3o levar \u00e0 popula\u00e7\u00e3o no\u00e7\u00f5es de sa\u00fade e de educa\u00e7\u00e3o ambiental.\u201d, informou Dalva Ten\u00f3rio.<\/span><\/p>\n<p style=\"text-align: justify;\"><span style=\"font-size: 14pt;\">Animais de tra\u00e7\u00e3o<\/span><\/p>\n<p style=\"text-align: justify;\"><span style=\"font-size: 14pt;\">Dalva Ten\u00f3rio aproveitou a ocasi\u00e3o para pedir aos l\u00edderes comunit\u00e1rios que tamb\u00e9m divulguem em seus bairros que o CCZ est\u00e1 realizando, a pedido do MP alagoano, o recadastramento dos condutores de animais de tra\u00e7\u00e3o.<\/span><\/p>\n<p style=\"text-align: justify;\">\n","protected":false},"excerpt":{"rendered":"<p> [&hellip;]<\/p>\n","protected":false},"author":2,"featured_media":12518,"comment_status":"open","ping_status":"open","sticky":false,"template":"","format":"standard","meta":{"om_disable_all_campaigns":false,"_monsterinsights_skip_tracking":false,"_monsterinsights_sitenote_active":false,"_monsterinsights_sitenote_note":"","_monsterinsights_sitenote_category":0,"_uf_show_specific_survey":0,"_uf_disable_surveys":false,"footnotes":""},"categories":[2],"tags":[],"class_list":["post-12517","post","type-post","status-publish","format-standard","has-post-thumbnail","hentry","category-not_mpal"],"aioseo_notices":[],"_links":{"self":[{"href":"https:\/\/www.mpal.mp.br\/index.php?rest_route=\/wp\/v2\/posts\/12517","targetHints":{"allow":["GET"]}}],"collection":[{"href":"https:\/\/www.mpal.mp.br\/index.php?rest_route=\/wp\/v2\/posts"}],"about":[{"href":"https:\/\/www.mpal.mp.br\/index.php?rest_route=\/wp\/v2\/types\/post"}],"author":[{"embeddable":true,"href":"https:\/\/www.mpal.mp.br\/index.php?rest_route=\/wp\/v2\/users\/2"}],"replies":[{"embeddable":true,"href":"https:\/\/www.mpal.mp.br\/index.php?rest_route=%2Fwp%2Fv2%2Fcomments&post=12517"}],"version-history":[{"count":1,"href":"https:\/\/www.mpal.mp.br\/index.php?rest_route=\/wp\/v2\/posts\/12517\/revisions"}],"predecessor-version":[{"id":12519,"href":"https:\/\/www.mpal.mp.br\/index.php?rest_route=\/wp\/v2\/posts\/12517\/revisions\/12519"}],"wp:featuredmedia":[{"embeddable":true,"href":"https:\/\/www.mpal.mp.br\/index.php?rest_route=\/wp\/v2\/media\/12518"}],"wp:attachment":[{"href":"https:\/\/www.mpal.mp.br\/index.php?rest_route=%2Fwp%2Fv2%2Fmedia&parent=12517"}],"wp:term":[{"taxonomy":"category","embeddable":true,"href":"https:\/\/www.mpal.mp.br\/index.php?rest_route=%2Fwp%2Fv2%2Fcategories&post=12517"},{"taxonomy":"post_tag","embeddable":true,"href":"https:\/\/www.mpal.mp.br\/index.php?rest_route=%2Fwp%2Fv2%2Ftags&post=12517"}],"curies":[{"name":"wp","href":"https:\/\/api.w.org\/{rel}","templated":true}]}}