{"id":12514,"date":"2007-11-09T10:27:04","date_gmt":"2007-11-09T12:27:04","guid":{"rendered":"https:\/\/www.mpal.mp.br\/?p=12514"},"modified":"2022-07-15T10:27:17","modified_gmt":"2022-07-15T13:27:17","slug":"fuga-do-soldado-aldair-policiais-do-bope-apresentam-sua-versao-ao-mp","status":"publish","type":"post","link":"https:\/\/www.mpal.mp.br\/?p=12514","title":{"rendered":"Fuga do soldado Aldair: policiais do Bope apresentam sua vers\u00e3o ao MP"},"content":{"rendered":"<p style=\"text-align: justify;\"><span style=\"font-size: 14pt;\">Os policiais militares Josinaldo An\u00edsio da Silva e Patrick Alessandro Madeiro de Oliveira, \u00a0acusados de ter facilitado a fuga do soldado Aldair (acusado de envolvimento no assassinato do vereador \u00a0Fernando Aldo, de Delmiro Gouveia) durante cumprimento do mandado de pris\u00e3o, afirmaram ao Minist\u00e9rio P\u00fablico de Alagoas que n\u00e3o receberam ordem para prend\u00ea-lo. Segundo os dois \u00a0integrantes do Batalh\u00e3o de Opera\u00e7\u00f5es Especiais (Bope), a ordem do sub-comandante-geral da Pol\u00edcia Militar, coronel\u00a0 Reinaldo, foi para conduzir o soldado Aldair ao Pres\u00eddio Militar\u00a0 para \u201cpreservar a vida do mesmo\u201d.<\/span><\/p>\n<p style=\"text-align: justify;\"><span style=\"font-size: 14pt;\">Os militares foram ouvidos no in\u00edcio da noite de ontem por integrantes do Grupo Estadual de Combate \u00e0s Organiza\u00e7\u00f5es Criminosas (Gecoc) e pela Promotoria de Justi\u00e7a Especial de Controle externo da Atividade Policial. De acordo com a promotora de Justi\u00e7a Marluce Falc\u00e3o, os pr\u00f3prios militares fizeram quest\u00e3o de ser ouvidos pelo \u00a0Minist\u00e9rio P\u00fablico para apresentar sua vers\u00e3o. \u201cEles solicitaram a apura\u00e7\u00e3o, j\u00e1 que v\u00eam sofrendo constrangimentos diante da manifesta\u00e7\u00e3o de algumas autoridades, que, segundo eles, \u00a0por n\u00e3o conhecerem a verdade dos fatos, denigrem n\u00e3o apenas a honra funcional deles, mas do pr\u00f3prio Bope\u201d, informou a representante do MP.<\/span><\/p>\n<p style=\"text-align: justify;\"><span style=\"font-size: 14pt;\">Durante seu depoimento, o capit\u00e3o Josinaldo e o tenente Patrick revelaram que estavam \u00a0numa miss\u00e3o, no bairro do Feitosa, dia 1\u00ba de novembro, quando foram contactados, por telefone, pelo coronel Valdir, comandante do Bope, para interromper o trabalho e seguir at\u00e9 a casa do soldado Aldair.<\/span><\/p>\n<p style=\"text-align: justify;\"><span style=\"font-size: 14pt;\">Segundo capit\u00e3o Josinaldo, ao chegar no local e ligar para \u00a0o coronel Reinaldo, conforme o combinado, ele \u00a0disse para procurar o tenente Plech, que ele apontaria a resid\u00eancia do soldado e que, l\u00e1 chegando o soldado fosse conduzido ao pres\u00eddio militar, em virtude de o mesmo est\u00e1 amea\u00e7ado de morte.<\/span><\/p>\n<p style=\"text-align: justify;\"><span style=\"font-size: 14pt;\">\u201cA fuga do soldado Aldair s\u00f3 veio a acontecer pelo fato da ordem de miss\u00e3o n\u00e3o ter esclarecido que se tratava de cumprimento de mandado de pris\u00e3o\u201d, afirmou o capit\u00e3o Josinaldo.<\/span><\/p>\n<p style=\"text-align: justify;\"><span style=\"font-size: 14pt;\">J\u00e1 o tenente Patrick sustentou, em seu depoimento, que s\u00f3 tomou conhecimento da sua verdadeira miss\u00e3o \u2013 prender o soldado e n\u00e3o proteg\u00ea-lo \u2013 \u00a0quando foram at\u00e9 a casa do comandante do Bope (coronel Valdir) e l\u00e1 chegando receberam um telefonema informando que\u00a0 um site havia divulgado a facilita\u00e7\u00e3o da fuga.<\/span><\/p>\n<p style=\"text-align: justify;\"><span style=\"font-size: 14pt;\">\u201cA compartimenta\u00e7\u00e3o da ordem\u00a0 de pris\u00e3o n\u00e3o\u00a0 foi salutar\u00a0 para o sucesso da miss\u00e3o, pois existe \u00a0\u00a0uma grande diferen\u00e7a em conduzir uma pessoa, que est\u00e1 recebendo prote\u00e7\u00e3o e outra que est\u00e1 sendo conduzida para ser presa, segundo orienta a doutrina do Bope. Isso poderia ter causado um incidente at\u00e9 maior, colocando em risco a seguran\u00e7a e integridade f\u00edsica dos policiais\u201d, declarou o tenente Patrick.<\/span><\/p>\n<p style=\"text-align: justify;\"><span style=\"font-size: 14pt;\">A promotora de Justi\u00e7a Marluce Falc\u00e3o informou que o MP acompanhar\u00e1 a sindic\u00e2ncia instaurada no \u00e2mbito da Pol\u00edcia Militar, durante a qual v\u00e3o ser ouvidas todas as partes envolvidas no incidente.<\/span><\/p>\n","protected":false},"excerpt":{"rendered":"<p> [&hellip;]<\/p>\n","protected":false},"author":2,"featured_media":12515,"comment_status":"open","ping_status":"open","sticky":false,"template":"","format":"standard","meta":{"om_disable_all_campaigns":false,"_monsterinsights_skip_tracking":false,"_monsterinsights_sitenote_active":false,"_monsterinsights_sitenote_note":"","_monsterinsights_sitenote_category":0,"_uf_show_specific_survey":0,"_uf_disable_surveys":false,"footnotes":""},"categories":[2],"tags":[],"class_list":["post-12514","post","type-post","status-publish","format-standard","has-post-thumbnail","hentry","category-not_mpal"],"aioseo_notices":[],"_links":{"self":[{"href":"https:\/\/www.mpal.mp.br\/index.php?rest_route=\/wp\/v2\/posts\/12514","targetHints":{"allow":["GET"]}}],"collection":[{"href":"https:\/\/www.mpal.mp.br\/index.php?rest_route=\/wp\/v2\/posts"}],"about":[{"href":"https:\/\/www.mpal.mp.br\/index.php?rest_route=\/wp\/v2\/types\/post"}],"author":[{"embeddable":true,"href":"https:\/\/www.mpal.mp.br\/index.php?rest_route=\/wp\/v2\/users\/2"}],"replies":[{"embeddable":true,"href":"https:\/\/www.mpal.mp.br\/index.php?rest_route=%2Fwp%2Fv2%2Fcomments&post=12514"}],"version-history":[{"count":1,"href":"https:\/\/www.mpal.mp.br\/index.php?rest_route=\/wp\/v2\/posts\/12514\/revisions"}],"predecessor-version":[{"id":12516,"href":"https:\/\/www.mpal.mp.br\/index.php?rest_route=\/wp\/v2\/posts\/12514\/revisions\/12516"}],"wp:featuredmedia":[{"embeddable":true,"href":"https:\/\/www.mpal.mp.br\/index.php?rest_route=\/wp\/v2\/media\/12515"}],"wp:attachment":[{"href":"https:\/\/www.mpal.mp.br\/index.php?rest_route=%2Fwp%2Fv2%2Fmedia&parent=12514"}],"wp:term":[{"taxonomy":"category","embeddable":true,"href":"https:\/\/www.mpal.mp.br\/index.php?rest_route=%2Fwp%2Fv2%2Fcategories&post=12514"},{"taxonomy":"post_tag","embeddable":true,"href":"https:\/\/www.mpal.mp.br\/index.php?rest_route=%2Fwp%2Fv2%2Ftags&post=12514"}],"curies":[{"name":"wp","href":"https:\/\/api.w.org\/{rel}","templated":true}]}}