{"id":12511,"date":"2007-11-28T10:25:42","date_gmt":"2007-11-28T12:25:42","guid":{"rendered":"https:\/\/www.mpal.mp.br\/?p=12511"},"modified":"2022-07-15T10:26:33","modified_gmt":"2022-07-15T13:26:33","slug":"mp-cobra-agilidade-nas-licitacoes-de-obras-e-servicos-do-estado","status":"publish","type":"post","link":"https:\/\/www.mpal.mp.br\/?p=12511","title":{"rendered":"MP cobra agilidade nas licita\u00e7\u00f5es de obras e servi\u00e7os do Estado"},"content":{"rendered":"<p style=\"text-align: justify;\"><span style=\"font-size: 14pt;\">O Minist\u00e9rio P\u00fablico Estadual reuniu hoje \u00e0 tarde, em audi\u00eancia realizada na sede da Procuradoria Geral do Estado, representantes das ag\u00eancias reguladoras de servi\u00e7os, da Procuradoria Geral do Estado e da Comiss\u00e3o Permanente de Licita\u00e7\u00e3o da Secretaria Estadual de Infra-Estrutura. A reuni\u00e3o foi coordenada pelos promotores de Justi\u00e7a Jamyl Barbosa e Cec\u00edlia Carna\u00faba, da Promotoria da Fazenda P\u00fablica Estadual.<\/span><\/p>\n<p style=\"text-align: justify;\"><span style=\"font-size: 14pt;\">Segundo os promotores de Justi\u00e7a, durante a audi\u00eancia, os representantes do governo do Estado se comprometeram a agilizar os processos de licita\u00e7\u00e3o para a realiza\u00e7\u00e3o de obras nas escolas p\u00fablicas, compra de medicamentos e a renova\u00e7\u00e3o das empresas que exploram o servi\u00e7o de transporte intermunicipal de passageiros em Alagoas.<\/span><\/p>\n<p style=\"text-align: justify;\"><span style=\"font-size: 14pt;\">\u201cTivemos de cobrar desses \u00f3rg\u00e3os a agilidade nos processos licitat\u00f3rios, porque este ano n\u00e3o foi realizada nenhuma obra nova nas escolas p\u00fablicas do Estado, que precisam da constru\u00e7\u00e3o de laborat\u00f3rios para instalar os computadores j\u00e1 recebidos pela Secretaria Estadual de Educa\u00e7\u00e3o\u201d, justificou a promotora de Justi\u00e7a Cec\u00edlia Carna\u00faba.<\/span><\/p>\n<p style=\"text-align: justify;\"><span style=\"font-size: 14pt;\">O representante da Procuradoria Geral do Estado (PGE), Newton Vieira da Silva, garantiu que at\u00e9 a sexta-feira estar\u00e1 encaminhando todos os processos pendentes \u00e0 Comiss\u00e3o Permanente de Licita\u00e7\u00f5es (CPL), para que as obras j\u00e1 planejadas sejam licitadas at\u00e9 15 de janeiro. Entre os processos que ser\u00e3o encaminhados \u00e0 CPL est\u00e3o 25 escolas p\u00fablicas da rede estadual de ensino.<\/span><\/p>\n<p style=\"text-align: justify;\"><span style=\"font-size: 14pt;\">Al\u00e9m disso, o representante da PGE se comprometeu em concluir at\u00e9 o final deste ano a normatiza\u00e7\u00e3o de todos os procedimentos licitat\u00f3rios para obras e servi\u00e7os contratados pelo Estado. Com isso, os procedimentos ser\u00e3o padronizados e estipulados prazos para todas as etapas da tramita\u00e7\u00e3o do processo.<\/span><\/p>\n<p style=\"text-align: justify;\"><span style=\"font-size: 14pt;\">O presidente da Agesa, Francisco Beltr\u00e3o, prometeu planejar a aquisi\u00e7\u00e3o de medicamentos, para evitar compras emergenciais. \u201cCom isso, o Estado economiza porque o medicamento comprado de forma emergencial sai por um pre\u00e7o bem mais alto, al\u00e9m disso o planejamento vai evitar atraso do fornecimento dos medicamentos\u201d, explicou a promotora.<\/span><\/p>\n<p style=\"text-align: justify;\"><span style=\"font-size: 14pt;\">Durante a audi\u00eancia, Francisco Beltr\u00e3o informou que o governador do Estado determinou que todas as secretarias e \u00f3rg\u00e3os da administra\u00e7\u00e3o p\u00fablica estadual encaminhe \u00e0 Agesa a rela\u00e7\u00e3o dos produtos e equipamentos que precisam ser comprados em 2008, justificando a necessidade, a quantidade e o tempo de dura\u00e7\u00e3o para cada item que dever\u00e1 ser adquirido.<\/span><\/p>\n<p style=\"text-align: justify;\"><span style=\"font-size: 14pt;\">Transportes intermunicipais<\/span><\/p>\n<p style=\"text-align: justify;\"><span style=\"font-size: 14pt;\">A quest\u00e3o dos transportes intermunicipais foi discutida com o presidente da Arsal, \u00c1lvaro Machado. Segundo o promotor de Justi\u00e7a Jamyl Barbosa, os diretores da Arsal ficaram de se reunir com procuradores do Estado para definir a contrata\u00e7\u00e3o de uma empresa de consultoria, que dever\u00e1 fazer um estudo do setor para proceder a licita\u00e7\u00e3o das empresas que querem explorar o servi\u00e7o.<\/span><\/p>\n<p style=\"text-align: justify;\"><span style=\"font-size: 14pt;\">\u201cAp\u00f3s essa reuni\u00e3o, que est\u00e1 agendada para amanh\u00e3, o representante da PGE ficou que comunicar ao Minist\u00e9rio P\u00fablico o que foi definido, para que possamos acompanhar o processo, mas acreditamos que ainda este ano essa licita\u00e7\u00e3o dever\u00e1 ser realizada\u201d, informou o promotor de Justi\u00e7a, acrescentando que sentiu boa vontade dos agentes p\u00fablicos em agilizar os processos licitat\u00f3rios do Estado.<\/span><\/p>\n","protected":false},"excerpt":{"rendered":"<p> [&hellip;]<\/p>\n","protected":false},"author":2,"featured_media":12512,"comment_status":"open","ping_status":"open","sticky":false,"template":"","format":"standard","meta":{"om_disable_all_campaigns":false,"_monsterinsights_skip_tracking":false,"_monsterinsights_sitenote_active":false,"_monsterinsights_sitenote_note":"","_monsterinsights_sitenote_category":0,"_uf_show_specific_survey":0,"_uf_disable_surveys":false,"footnotes":""},"categories":[2],"tags":[],"class_list":["post-12511","post","type-post","status-publish","format-standard","has-post-thumbnail","hentry","category-not_mpal"],"aioseo_notices":[],"_links":{"self":[{"href":"https:\/\/www.mpal.mp.br\/index.php?rest_route=\/wp\/v2\/posts\/12511","targetHints":{"allow":["GET"]}}],"collection":[{"href":"https:\/\/www.mpal.mp.br\/index.php?rest_route=\/wp\/v2\/posts"}],"about":[{"href":"https:\/\/www.mpal.mp.br\/index.php?rest_route=\/wp\/v2\/types\/post"}],"author":[{"embeddable":true,"href":"https:\/\/www.mpal.mp.br\/index.php?rest_route=\/wp\/v2\/users\/2"}],"replies":[{"embeddable":true,"href":"https:\/\/www.mpal.mp.br\/index.php?rest_route=%2Fwp%2Fv2%2Fcomments&post=12511"}],"version-history":[{"count":1,"href":"https:\/\/www.mpal.mp.br\/index.php?rest_route=\/wp\/v2\/posts\/12511\/revisions"}],"predecessor-version":[{"id":12513,"href":"https:\/\/www.mpal.mp.br\/index.php?rest_route=\/wp\/v2\/posts\/12511\/revisions\/12513"}],"wp:featuredmedia":[{"embeddable":true,"href":"https:\/\/www.mpal.mp.br\/index.php?rest_route=\/wp\/v2\/media\/12512"}],"wp:attachment":[{"href":"https:\/\/www.mpal.mp.br\/index.php?rest_route=%2Fwp%2Fv2%2Fmedia&parent=12511"}],"wp:term":[{"taxonomy":"category","embeddable":true,"href":"https:\/\/www.mpal.mp.br\/index.php?rest_route=%2Fwp%2Fv2%2Fcategories&post=12511"},{"taxonomy":"post_tag","embeddable":true,"href":"https:\/\/www.mpal.mp.br\/index.php?rest_route=%2Fwp%2Fv2%2Ftags&post=12511"}],"curies":[{"name":"wp","href":"https:\/\/api.w.org\/{rel}","templated":true}]}}