{"id":12506,"date":"2012-03-30T10:23:19","date_gmt":"2012-03-30T13:23:19","guid":{"rendered":"https:\/\/www.mpal.mp.br\/?p=12506"},"modified":"2022-07-15T10:23:52","modified_gmt":"2022-07-15T13:23:52","slug":"audiencia-publica-vai-debater-futuro-de-casas-das-enchentes-em-sao-jose-da-lage","status":"publish","type":"post","link":"https:\/\/www.mpal.mp.br\/?p=12506","title":{"rendered":"Audi\u00eancia p\u00fablica vai debater futuro de casas das enchentes em S\u00e3o Jos\u00e9 da Lage"},"content":{"rendered":"<p style=\"text-align: justify;\"><span style=\"font-size: 14pt;\">O promotor de Justi\u00e7a Jorge D\u00f3ria convocou uma audi\u00eancia p\u00fablica em S\u00e3o Jos\u00e9 da Lage para debater a destina\u00e7\u00e3o das casas constru\u00eddas pelo governo estadual para os desabrigados das enchentes de 2010 no munic\u00edpio. A reuni\u00e3o est\u00e1 sendo organizada devido a indefini\u00e7\u00e3o quanto aos futuros propriet\u00e1rios das resid\u00eancias, considerando que apenas 134 fam\u00edlias desalojadas ficaram nas barracas de desabrigados, enquanto foram constru\u00eddas 1006 casas no munic\u00edpio. O encontro acontecer\u00e1 no dia 25 de abril, a partir das 9h, no Polo Educacional.<\/span><\/p>\n<p style=\"text-align: justify;\"><span style=\"font-size: 14pt;\">Foram convocados representantes da Prefeitura de S\u00e3o Jos\u00e9 da Lage, da Caixa Econ\u00f4mica Federal, da Secretaria Estadual de Infraestrutura e da empresa construtora das casas.A preocupa\u00e7\u00e3o do promotor \u00e9 que devido a indefini\u00e7\u00e3o nas listas produzidas as casas sejam usadas como \u201cmoeda de troca\u201d devido a proximidade do per\u00edodo eleitoral. \u201cAt\u00e9 agora n\u00e3o se tem rela\u00e7\u00e3o oficial ao n\u00famero exato de fam\u00edlias que efetivamente ficaram desabrigadas em S\u00e3o Jos\u00e9 da Lage\u201d, afirmou.<\/span><\/p>\n<p style=\"text-align: justify;\"><span style=\"font-size: 14pt;\">\u201cConvocamos a reuni\u00e3o considerando a falta de clareza quanto ao crit\u00e9rio definidor desse n\u00famero de casas; considerando as recentes e desencontradas informa\u00e7\u00f5es oficiosas dando conta de que as referidas casas seriam comercializadas, normalmente, pelo Programa Minha Casa Minha Vida, e que apenas as v\u00edtimas remanejadas das barracas \u00e9 que teriam suas d\u00edvidas anistiadas pelo Governo Federal\u201d, explicou o promotor. \u201cNosso objetivo \u00e9 prestar \u00e0 sociedade os devidos esclarecimentos\u201d, ressaltou Jorge D\u00f3ria.<\/span><\/p>\n","protected":false},"excerpt":{"rendered":"<p> [&hellip;]<\/p>\n","protected":false},"author":2,"featured_media":12507,"comment_status":"open","ping_status":"open","sticky":false,"template":"","format":"standard","meta":{"om_disable_all_campaigns":false,"_monsterinsights_skip_tracking":false,"_monsterinsights_sitenote_active":false,"_monsterinsights_sitenote_note":"","_monsterinsights_sitenote_category":0,"_uf_show_specific_survey":0,"_uf_disable_surveys":false,"footnotes":""},"categories":[2],"tags":[],"class_list":["post-12506","post","type-post","status-publish","format-standard","has-post-thumbnail","hentry","category-not_mpal"],"aioseo_notices":[],"_links":{"self":[{"href":"https:\/\/www.mpal.mp.br\/index.php?rest_route=\/wp\/v2\/posts\/12506","targetHints":{"allow":["GET"]}}],"collection":[{"href":"https:\/\/www.mpal.mp.br\/index.php?rest_route=\/wp\/v2\/posts"}],"about":[{"href":"https:\/\/www.mpal.mp.br\/index.php?rest_route=\/wp\/v2\/types\/post"}],"author":[{"embeddable":true,"href":"https:\/\/www.mpal.mp.br\/index.php?rest_route=\/wp\/v2\/users\/2"}],"replies":[{"embeddable":true,"href":"https:\/\/www.mpal.mp.br\/index.php?rest_route=%2Fwp%2Fv2%2Fcomments&post=12506"}],"version-history":[{"count":1,"href":"https:\/\/www.mpal.mp.br\/index.php?rest_route=\/wp\/v2\/posts\/12506\/revisions"}],"predecessor-version":[{"id":12508,"href":"https:\/\/www.mpal.mp.br\/index.php?rest_route=\/wp\/v2\/posts\/12506\/revisions\/12508"}],"wp:featuredmedia":[{"embeddable":true,"href":"https:\/\/www.mpal.mp.br\/index.php?rest_route=\/wp\/v2\/media\/12507"}],"wp:attachment":[{"href":"https:\/\/www.mpal.mp.br\/index.php?rest_route=%2Fwp%2Fv2%2Fmedia&parent=12506"}],"wp:term":[{"taxonomy":"category","embeddable":true,"href":"https:\/\/www.mpal.mp.br\/index.php?rest_route=%2Fwp%2Fv2%2Fcategories&post=12506"},{"taxonomy":"post_tag","embeddable":true,"href":"https:\/\/www.mpal.mp.br\/index.php?rest_route=%2Fwp%2Fv2%2Ftags&post=12506"}],"curies":[{"name":"wp","href":"https:\/\/api.w.org\/{rel}","templated":true}]}}