{"id":12503,"date":"2012-03-30T10:21:19","date_gmt":"2012-03-30T13:21:19","guid":{"rendered":"https:\/\/www.mpal.mp.br\/?p=12503"},"modified":"2022-07-15T10:22:00","modified_gmt":"2022-07-15T13:22:00","slug":"eduardo-tavares-participa-da-reuniao-do-cnpg-em-minas-gerais","status":"publish","type":"post","link":"https:\/\/www.mpal.mp.br\/?p=12503","title":{"rendered":"Eduardo Tavares participa da reuni\u00e3o do CNPG em Minas Gerais"},"content":{"rendered":"<p style=\"text-align: justify;\"><span style=\"font-size: 14pt;\">O procurador-geral de Justi\u00e7a, Eduardo Tavares, participa, em Minas Gerais, da reuni\u00e3o ordin\u00e1ria do Conselho Nacional de Procuradores Gerais de Justi\u00e7a. Os promotores Maur\u00edcio Wanderley e Jos\u00e9 Carlos Castro tamb\u00e9m participam da reuni\u00e3o e acompanharam a posse do do Promotor de Justi\u00e7a de Minas Gerais Jairo Cruz Moreira e do Promotor de Justi\u00e7a do Acre Vin\u00edcius Menandro Evangelista de Souza, respectivamente, como Coordenador Nacional e Vice-Coordenador Nacional da campanha \u201cO Que Voc\u00ea Tem a Ver Com a Corrup\u00e7\u00e3o?\u201d. A reuni\u00e3o tamb\u00e9m teve a presen\u00e7a do Ministro-Chefe da Secretaria-Geral da Presid\u00eancia da Rep\u00fablica, Gilberto Carvalho e de representantes do Conselho Nacional do Minist\u00e9rio P\u00fablico (CNMP).<\/span><\/p>\n<p style=\"text-align: justify;\"><span style=\"font-size: 14pt;\">O Presidente do CNPG, Procurador-Geral de Justi\u00e7a do Estado do Rio de Janeiro Cl\u00e1udio Soares Lopes, destacou a import\u00e2ncia da reuni\u00e3o. \u201c\u00c9 mais um encontro com uma pauta importante, e justas homenagens a Procuradores-Gerais de Justi\u00e7a que muito vem contribuindo, n\u00e3o s\u00f3 em seus estados, mas tamb\u00e9m para o crescimento do Minist\u00e9rio P\u00fablico brasileiro\u201d, disse Lopes, se referindo aos Procuradores-Gerais de Justi\u00e7a de Minas Gerais, do Rio Grande do Sul, do Paran\u00e1 e do Minist\u00e9rio P\u00fablico Militar. O in\u00edcio da reuni\u00e3o foi voltado para a apresenta\u00e7\u00e3o do Plano Estrat\u00e9gico de Acompanhamento. Parlamentar no Congresso Nacional. Designado pelo CNPG para desenvolver o trabalho em Bras\u00edlia, o MPMG, por meio do Procurador de Justi\u00e7a Mauro Fl\u00e1vio Ferreira Brand\u00e3o, exp\u00f4s aos Procuradores-Gerais presentes os objetivos do projeto, denominado Conex\u00e3o.<\/span><\/p>\n<p style=\"text-align: justify;\"><span style=\"font-size: 14pt;\">O MPMG j\u00e1 possui um escrit\u00f3rio instalado na capital federal e, segundo Mauro Fl\u00e1vio, que est\u00e1 \u00e0 frente do projeto h\u00e1 cerca de um m\u00eas, a estrutura est\u00e1 sendo aperfei\u00e7oada para atender a todos os membros dos Minist\u00e9rios P\u00fablicos do Pa\u00eds interessados em obter informa\u00e7\u00f5es sobre as discuss\u00f5es e os projetos em tramita\u00e7\u00e3o no Congresso Nacional. \u201cAtualmente acompanhamos mais de 700 proposi\u00e7\u00f5es em Bras\u00edlia\u201d, citou o Procurador de Justi\u00e7a mineiro. A import\u00e2ncia da participa\u00e7\u00e3o do CNPG com o acompanhamento da atividade parlamentar foi ressaltada por meio de exemplos. O PEC 37, as discuss\u00f5es sobre os fundos previdenci\u00e1rios dos servidores dos MPEs e a proposta que limita o poder de investiga\u00e7\u00e3o criminal dos membros foram alguns dos temas de interesse da Institui\u00e7\u00e3o lembrados por Mauro Fl\u00e1vio. Ele completou fazendo um convite para que cada Procurador-Geral de Justi\u00e7a indique um representante para participar do trabalho.<\/span><\/p>\n<p style=\"text-align: justify;\"><span style=\"font-size: 14pt;\">Por fim, o Procurador de Justi\u00e7a explicou que as informa\u00e7\u00f5es provenientes do acompanhamento parlamentar em Bras\u00edlia estar\u00e3o dispon\u00edveis para acesso tanto pelo site do CNPG quanto pelas redes sociais Twitter e Facebook, que direcionar\u00e3o o usu\u00e1rio para um blog destinado \u00e0 inclus\u00e3o das informa\u00e7\u00f5es colhidas. Inclus\u00e3o Outro tema importante abordado na reuni\u00e3o do CNPG foi o trabalho desenvolvido em Minas Gerais pelo Centro Nacional de Defesa dos Direitos Humanos da Popula\u00e7\u00e3o de Rua e Catadores (CNDDH), uma iniciativa que conta com o apoio do MPMG por meio da Coordenadoria de Inclus\u00e3o e Mobiliza\u00e7\u00e3o Social (Cimos).<\/span><\/p>\n<p style=\"text-align: justify;\"><span style=\"font-size: 14pt;\">Impulsionado pela presen\u00e7a do Secret\u00e1rio-Geral da Presid\u00eancia da Rep\u00fablica, Ministro Gilberto Carvalho, o Procurador-Geral de Justi\u00e7a do MPMG, Alceu Torres Marques, convidou o Coordenador da Cimos, Promotor de Justi\u00e7a Paulo C\u00e9sar Vicente de Lima, para apresentar o trabalho realizado no Estado. Paulo C\u00e9sar explicou que o MPMG busca atuar de forma preventiva, a partir de parcerias com os movimentos sociais, e que o objetivo \u00e9 descentralizar o CNDDH com a cria\u00e7\u00e3o de n\u00facleos em outros estados. O Ministro Gilberto Carvalho comentou que, nos \u00faltimos anos, mais de 30 milh\u00f5es de pessoas deixaram a vida de exclus\u00e3o, mas que ainda resta \u201co desafio \u00e9tico e humano de lidar com a situa\u00e7\u00e3o de 16 milh\u00f5es de pessoas em condi\u00e7\u00e3o de mis\u00e9ria\u201d.<\/span><\/p>\n<p style=\"text-align: justify;\"><span style=\"font-size: 14pt;\">Quanto \u00e0 popula\u00e7\u00e3o de rua, Carvalho afirmou que \u201cum muro impede que enxerguemos essas pessoas. Eles vivem na invisibilidade. N\u00e3o podemos perder a capacidade de nos indignar com a situa\u00e7\u00e3o deles\u201d. Para o Ministro, \u00e9 fundamental apoiar as organiza\u00e7\u00f5es que fazem esse trabalho de mobiliza\u00e7\u00e3o, caso do CNDDH. \u201cQue essa refer\u00eancia possa se espalhar pelo Pa\u00eds\u201d, finalizou.<\/span><\/p>\n","protected":false},"excerpt":{"rendered":"<p> [&hellip;]<\/p>\n","protected":false},"author":2,"featured_media":12504,"comment_status":"open","ping_status":"open","sticky":false,"template":"","format":"standard","meta":{"om_disable_all_campaigns":false,"_monsterinsights_skip_tracking":false,"_monsterinsights_sitenote_active":false,"_monsterinsights_sitenote_note":"","_monsterinsights_sitenote_category":0,"_uf_show_specific_survey":0,"_uf_disable_surveys":false,"footnotes":""},"categories":[2],"tags":[],"class_list":["post-12503","post","type-post","status-publish","format-standard","has-post-thumbnail","hentry","category-not_mpal"],"aioseo_notices":[],"_links":{"self":[{"href":"https:\/\/www.mpal.mp.br\/index.php?rest_route=\/wp\/v2\/posts\/12503","targetHints":{"allow":["GET"]}}],"collection":[{"href":"https:\/\/www.mpal.mp.br\/index.php?rest_route=\/wp\/v2\/posts"}],"about":[{"href":"https:\/\/www.mpal.mp.br\/index.php?rest_route=\/wp\/v2\/types\/post"}],"author":[{"embeddable":true,"href":"https:\/\/www.mpal.mp.br\/index.php?rest_route=\/wp\/v2\/users\/2"}],"replies":[{"embeddable":true,"href":"https:\/\/www.mpal.mp.br\/index.php?rest_route=%2Fwp%2Fv2%2Fcomments&post=12503"}],"version-history":[{"count":1,"href":"https:\/\/www.mpal.mp.br\/index.php?rest_route=\/wp\/v2\/posts\/12503\/revisions"}],"predecessor-version":[{"id":12505,"href":"https:\/\/www.mpal.mp.br\/index.php?rest_route=\/wp\/v2\/posts\/12503\/revisions\/12505"}],"wp:featuredmedia":[{"embeddable":true,"href":"https:\/\/www.mpal.mp.br\/index.php?rest_route=\/wp\/v2\/media\/12504"}],"wp:attachment":[{"href":"https:\/\/www.mpal.mp.br\/index.php?rest_route=%2Fwp%2Fv2%2Fmedia&parent=12503"}],"wp:term":[{"taxonomy":"category","embeddable":true,"href":"https:\/\/www.mpal.mp.br\/index.php?rest_route=%2Fwp%2Fv2%2Fcategories&post=12503"},{"taxonomy":"post_tag","embeddable":true,"href":"https:\/\/www.mpal.mp.br\/index.php?rest_route=%2Fwp%2Fv2%2Ftags&post=12503"}],"curies":[{"name":"wp","href":"https:\/\/api.w.org\/{rel}","templated":true}]}}