{"id":12494,"date":"2012-04-07T10:16:15","date_gmt":"2012-04-07T13:16:15","guid":{"rendered":"https:\/\/www.mpal.mp.br\/?p=12494"},"modified":"2022-07-15T10:17:38","modified_gmt":"2022-07-15T13:17:38","slug":"nota-de-falecimento-arnoldo-chagas","status":"publish","type":"post","link":"https:\/\/www.mpal.mp.br\/?p=12494","title":{"rendered":"Nota de Falecimento &#8211; Arnoldo Chagas"},"content":{"rendered":"<p style=\"text-align: justify;\"><span style=\"font-size: 14pt;\">Faleceu, na tarde deste s\u00e1bado (07), em Macei\u00f3, o Procurador de Justi\u00e7a aposentado Arnoldo Petr\u00facio Chagas, 71 anos. Ele faleceu em casa ap\u00f3s um infarto fulminante. A fam\u00edlia informa que o corpo ser\u00e1 levado ao Recife para ser cremado. Foram mais de 28 anos dedicados ao Minist\u00e9rio P\u00fablico Estadual. Antes disso, Arnoldo Chagas fez carreira no r\u00e1dio, com destaque para sua atua\u00e7\u00e3o como narrador e cronista esportivo. O procurador foi homenageado no ano passado com uma edi\u00e7\u00e3o da Revista do Minist\u00e9rio P\u00fablico, que trouxe uma parte de seus pareceres em casos de grande repercuss\u00e3o.<\/span><\/p>\n","protected":false},"excerpt":{"rendered":"<p> [&hellip;]<\/p>\n","protected":false},"author":2,"featured_media":12497,"comment_status":"open","ping_status":"open","sticky":false,"template":"","format":"standard","meta":{"om_disable_all_campaigns":false,"_monsterinsights_skip_tracking":false,"_monsterinsights_sitenote_active":false,"_monsterinsights_sitenote_note":"","_monsterinsights_sitenote_category":0,"_uf_show_specific_survey":0,"_uf_disable_surveys":false,"footnotes":""},"categories":[2],"tags":[],"class_list":["post-12494","post","type-post","status-publish","format-standard","has-post-thumbnail","hentry","category-not_mpal"],"aioseo_notices":[],"_links":{"self":[{"href":"https:\/\/www.mpal.mp.br\/index.php?rest_route=\/wp\/v2\/posts\/12494","targetHints":{"allow":["GET"]}}],"collection":[{"href":"https:\/\/www.mpal.mp.br\/index.php?rest_route=\/wp\/v2\/posts"}],"about":[{"href":"https:\/\/www.mpal.mp.br\/index.php?rest_route=\/wp\/v2\/types\/post"}],"author":[{"embeddable":true,"href":"https:\/\/www.mpal.mp.br\/index.php?rest_route=\/wp\/v2\/users\/2"}],"replies":[{"embeddable":true,"href":"https:\/\/www.mpal.mp.br\/index.php?rest_route=%2Fwp%2Fv2%2Fcomments&post=12494"}],"version-history":[{"count":1,"href":"https:\/\/www.mpal.mp.br\/index.php?rest_route=\/wp\/v2\/posts\/12494\/revisions"}],"predecessor-version":[{"id":12498,"href":"https:\/\/www.mpal.mp.br\/index.php?rest_route=\/wp\/v2\/posts\/12494\/revisions\/12498"}],"wp:featuredmedia":[{"embeddable":true,"href":"https:\/\/www.mpal.mp.br\/index.php?rest_route=\/wp\/v2\/media\/12497"}],"wp:attachment":[{"href":"https:\/\/www.mpal.mp.br\/index.php?rest_route=%2Fwp%2Fv2%2Fmedia&parent=12494"}],"wp:term":[{"taxonomy":"category","embeddable":true,"href":"https:\/\/www.mpal.mp.br\/index.php?rest_route=%2Fwp%2Fv2%2Fcategories&post=12494"},{"taxonomy":"post_tag","embeddable":true,"href":"https:\/\/www.mpal.mp.br\/index.php?rest_route=%2Fwp%2Fv2%2Ftags&post=12494"}],"curies":[{"name":"wp","href":"https:\/\/api.w.org\/{rel}","templated":true}]}}