{"id":12488,"date":"2012-04-12T10:12:28","date_gmt":"2012-04-12T13:12:28","guid":{"rendered":"https:\/\/www.mpal.mp.br\/?p=12488"},"modified":"2022-07-15T10:12:50","modified_gmt":"2022-07-15T13:12:50","slug":"procurador-geral-de-justica-destaca-austeridade-funcional-de-empossados","status":"publish","type":"post","link":"https:\/\/www.mpal.mp.br\/?p=12488","title":{"rendered":"Procurador-geral de Justi\u00e7a destaca austeridade funcional de empossados"},"content":{"rendered":"<p style=\"text-align: justify;\"><span style=\"font-size: 14pt;\">Em uma solenidade muito concorrida, com representantes das mais variadas institui\u00e7\u00f5es, o procurador-geral de Justi\u00e7a, Eduardo Tavares, empossou o novo subprocurador-geral Judicial, Afr\u00e2nio Roberto Pereira de Queiroz e a nova composi\u00e7\u00e3o do Grupo Estadual de Combate \u00e0s Organiza\u00e7\u00f5es Criminosas do Minist\u00e9rio P\u00fablico Estadual. Os promotores Alfredo Gaspar de Mendon\u00e7a, Hamilton Carneiro J\u00fanior e Antonio Luiz dos Santos Filho passam a atuar juntos no desmantelamento de quadrilhas que estejam atuando em Alagoas.<\/span><\/p>\n<p style=\"text-align: justify;\"><span style=\"font-size: 14pt;\">Na mesa de honra, o procurador-geral substituto, S\u00e9rgio Juc\u00e1, o corregedor-geral substituto do MPE, M\u00e1rcio Roberto Ten\u00f3rio de Albuquerque, o assessor especial da PGJ, Luiz Vasconcelos e a presidente da Ampal, Adilza Freitas. Al\u00e9m deles, o secret\u00e1rio-chefe do Gabinete Civil, Alvaro Machado, o corregedor-geral da Justi\u00e7a, James Magalh\u00e3es, o secret\u00e1rio-adjunto de Defesa Social, Paulo Cerqueira e o superintendente da Pol\u00edcia Federal, Jo\u00e3o Batista Stanislau.<\/span><\/p>\n<p style=\"text-align: justify;\"><span style=\"font-size: 14pt;\">Tavares destacou que tem o prazer de trabalhar com membros do MPE t\u00e3o dedicados as atividades funcionais como o procurador Afr\u00e2nio Roberto, e os promotores Luiz Vasconcelos, Alfredo Gaspar de Mendon\u00e7a, Hamilton Carneiro J\u00fanior e Antonio Luiz dos Santos Filho. Ele afirmou que acredita que a firme atua\u00e7\u00e3o dos colegas ter\u00e1 continuidade e que as mudan\u00e7as surgem em um momento especial para o MPE, quando a institui\u00e7\u00e3o recebe novos servidores, novos equipamentos na \u00e1rea de inform\u00e1tica e se prepara para um concurso de promotores. Ele lembrou que tramitam no Poder Judici\u00e1rio 240 a\u00e7\u00f5es por improbidade administrativa.<\/span><\/p>\n<p style=\"text-align: justify;\"><span style=\"font-size: 14pt;\">Para Eduardo Tavares, a preocupa\u00e7\u00e3o no combate \u00e0 viol\u00eancia est\u00e1 presente no dia a dia do Minist\u00e9rio P\u00fablico e que por isso o Gecoc aparece como um aliado da sociedade, especialmente no trabalho de intelig\u00eancia. Ele ressaltou o trabalho em parceria com as demais institui\u00e7\u00f5es da \u00e1rea de seguran\u00e7a p\u00fablica, destacando o apoio recebido da 17\u00aa Vara Criminal, do Conselho Estadual de Seguran\u00e7a (Conseg), da Secretaria de Defesa Social, Pol\u00edcia Civil, Militar, Pol\u00edcia Federal e Rodovi\u00e1ria Federal.<\/span><\/p>\n<p style=\"text-align: justify;\"><span style=\"font-size: 14pt;\">J\u00e1 Afr\u00e2nio Roberto destacou a oportunidade de poder atuar nos processos de segundo grau perante ao Tribunal de Justi\u00e7a, contribuindo assim com maior celeridade no julgamento de a\u00e7\u00f5es, bem como dando mais liberdade de atua\u00e7\u00e3o ao procurador-geral de Justi\u00e7a. Ele destacou que desta forma a sociedade ter\u00e1 respostas mais eficientes para o atendimento de suas demandas.<\/span><\/p>\n<p style=\"text-align: justify;\"><span style=\"font-size: 14pt;\">Alfredo Gaspar e Hamilton Carneiro retornam ao Gecoc ap\u00f3s um ano atuando em suas promotorias de origem. Eles fizeram parte da primeira composi\u00e7\u00e3o da gest\u00e3o de Eduardo Tavares. J\u00e1 Antonio Luiz dos Santos Filho \u00e9 remanescente do grupo atual, que era coordenado pelo promotor Luiz Vasconcelos, que seguir\u00e1 agora como assessor especial do PGJ. Ao discursar, o novo coordenador destacou que buscar\u00e1 efetuar o mesmo trabalho de sua primeira passagem, assegurando que combater\u00e1 o crime organizado em todas as suas esferas.<\/span><\/p>\n","protected":false},"excerpt":{"rendered":"<p> [&hellip;]<\/p>\n","protected":false},"author":2,"featured_media":12489,"comment_status":"open","ping_status":"open","sticky":false,"template":"","format":"standard","meta":{"om_disable_all_campaigns":false,"_monsterinsights_skip_tracking":false,"_monsterinsights_sitenote_active":false,"_monsterinsights_sitenote_note":"","_monsterinsights_sitenote_category":0,"_uf_show_specific_survey":0,"_uf_disable_surveys":false,"footnotes":""},"categories":[2],"tags":[],"class_list":["post-12488","post","type-post","status-publish","format-standard","has-post-thumbnail","hentry","category-not_mpal"],"aioseo_notices":[],"_links":{"self":[{"href":"https:\/\/www.mpal.mp.br\/index.php?rest_route=\/wp\/v2\/posts\/12488","targetHints":{"allow":["GET"]}}],"collection":[{"href":"https:\/\/www.mpal.mp.br\/index.php?rest_route=\/wp\/v2\/posts"}],"about":[{"href":"https:\/\/www.mpal.mp.br\/index.php?rest_route=\/wp\/v2\/types\/post"}],"author":[{"embeddable":true,"href":"https:\/\/www.mpal.mp.br\/index.php?rest_route=\/wp\/v2\/users\/2"}],"replies":[{"embeddable":true,"href":"https:\/\/www.mpal.mp.br\/index.php?rest_route=%2Fwp%2Fv2%2Fcomments&post=12488"}],"version-history":[{"count":1,"href":"https:\/\/www.mpal.mp.br\/index.php?rest_route=\/wp\/v2\/posts\/12488\/revisions"}],"predecessor-version":[{"id":12490,"href":"https:\/\/www.mpal.mp.br\/index.php?rest_route=\/wp\/v2\/posts\/12488\/revisions\/12490"}],"wp:featuredmedia":[{"embeddable":true,"href":"https:\/\/www.mpal.mp.br\/index.php?rest_route=\/wp\/v2\/media\/12489"}],"wp:attachment":[{"href":"https:\/\/www.mpal.mp.br\/index.php?rest_route=%2Fwp%2Fv2%2Fmedia&parent=12488"}],"wp:term":[{"taxonomy":"category","embeddable":true,"href":"https:\/\/www.mpal.mp.br\/index.php?rest_route=%2Fwp%2Fv2%2Fcategories&post=12488"},{"taxonomy":"post_tag","embeddable":true,"href":"https:\/\/www.mpal.mp.br\/index.php?rest_route=%2Fwp%2Fv2%2Ftags&post=12488"}],"curies":[{"name":"wp","href":"https:\/\/api.w.org\/{rel}","templated":true}]}}