{"id":12485,"date":"2015-07-02T10:11:07","date_gmt":"2015-07-02T13:11:07","guid":{"rendered":"https:\/\/www.mpal.mp.br\/?p=12485"},"modified":"2022-07-15T10:13:51","modified_gmt":"2022-07-15T13:13:51","slug":"promotora-de-justica-do-mpe-al-integra-gt-de-defesa-dos-direitos-a-educacao-do-cnmp","status":"publish","type":"post","link":"https:\/\/www.mpal.mp.br\/?p=12485","title":{"rendered":"Promotora de Justi\u00e7a do MPE\/AL integra GT de Defesa dos Direitos \u00e0 Educa\u00e7\u00e3o do CNMP"},"content":{"rendered":"<p style=\"text-align: justify;\"><span style=\"font-size: 14pt;\">O presidente do Conselho Nacional do Minist\u00e9rio P\u00fablico (CNMP), Rodrigo Janot, designou a promotora de Justi\u00e7a Maria Cec\u00edlia Pontes Carna\u00faba para atuar como integrante do Grupo de Trabalho de Defesa dos Direitos \u00e0 Educa\u00e7\u00e3o da Comiss\u00e3o de Defesa dos Direitos Fundamentais. A atua\u00e7\u00e3o da representante do Minist\u00e9rio P\u00fablico do Estado de Alagoas (MPE\/AL) teve in\u00edcio em maio e seguir\u00e1 at\u00e9 o dia 12 de agosto de 2015.<\/span><\/p>\n<p style=\"text-align: justify;\"><span style=\"font-size: 14pt;\">Al\u00e9m de Cec\u00edlia Carna\u00faba, integram o grupo os promotores de Justi\u00e7a Paulo Silvestre Avelar Silva (MPE\/MA), Maria Elmira Evangelina do Amaral Dick (MPE\/MG), Andrea Beatriz Rodrigues de Barcelos (MPE\/GO), Eduardo Augusto Salom\u00e3o Cambi (MPE\/PR) e Bianca Mota de Moraes (MPE\/RJ), al\u00e9m da procuradora da Rep\u00fablica do Rio de Janeiro, Maria Cristina Manella Cordeiro (MPF\/RJ).<\/span><\/p>\n<p style=\"text-align: justify;\"><span style=\"font-size: 14pt;\">A Comiss\u00e3o de Acompanhamento da Atua\u00e7\u00e3o do Minist\u00e9rio P\u00fablico na Defesa dos Direitos Fundamentais tem o objetivo de contribuir com o fortalecimento do Minist\u00e9rio P\u00fablico brasileiro, estimulando o exerc\u00edcio das atribui\u00e7\u00f5es institucionais atinentes \u00e0 defesa dos direitos fundamentais difusos, coletivos e sociais, em coer\u00eancia com as diversas previs\u00f5es constitucionais e legais que conferem ao \u00f3rg\u00e3o o poder-dever de atuar como agente de transforma\u00e7\u00e3o da realidade social.<\/span><\/p>\n<p style=\"text-align: justify;\"><span style=\"font-size: 14pt;\">Cec\u00edlia Carna\u00faba \u00e9 titular da 19\u00aa Promotoria de Justi\u00e7a da Capital, que trata de assuntos relacionados \u00e0 Fazenda P\u00fablica Estadual, e tem se destacado pela atua\u00e7\u00e3o em defesa da rede p\u00fablica de ensino em Alagoas.<\/span><\/p>\n","protected":false},"excerpt":{"rendered":"<p> [&hellip;]<\/p>\n","protected":false},"author":4,"featured_media":12417,"comment_status":"open","ping_status":"open","sticky":false,"template":"","format":"standard","meta":{"om_disable_all_campaigns":false,"_monsterinsights_skip_tracking":false,"_monsterinsights_sitenote_active":false,"_monsterinsights_sitenote_note":"","_monsterinsights_sitenote_category":0,"_uf_show_specific_survey":0,"_uf_disable_surveys":false,"footnotes":""},"categories":[2],"tags":[],"class_list":["post-12485","post","type-post","status-publish","format-standard","has-post-thumbnail","hentry","category-not_mpal"],"aioseo_notices":[],"_links":{"self":[{"href":"https:\/\/www.mpal.mp.br\/index.php?rest_route=\/wp\/v2\/posts\/12485","targetHints":{"allow":["GET"]}}],"collection":[{"href":"https:\/\/www.mpal.mp.br\/index.php?rest_route=\/wp\/v2\/posts"}],"about":[{"href":"https:\/\/www.mpal.mp.br\/index.php?rest_route=\/wp\/v2\/types\/post"}],"author":[{"embeddable":true,"href":"https:\/\/www.mpal.mp.br\/index.php?rest_route=\/wp\/v2\/users\/4"}],"replies":[{"embeddable":true,"href":"https:\/\/www.mpal.mp.br\/index.php?rest_route=%2Fwp%2Fv2%2Fcomments&post=12485"}],"version-history":[{"count":1,"href":"https:\/\/www.mpal.mp.br\/index.php?rest_route=\/wp\/v2\/posts\/12485\/revisions"}],"predecessor-version":[{"id":12491,"href":"https:\/\/www.mpal.mp.br\/index.php?rest_route=\/wp\/v2\/posts\/12485\/revisions\/12491"}],"wp:featuredmedia":[{"embeddable":true,"href":"https:\/\/www.mpal.mp.br\/index.php?rest_route=\/wp\/v2\/media\/12417"}],"wp:attachment":[{"href":"https:\/\/www.mpal.mp.br\/index.php?rest_route=%2Fwp%2Fv2%2Fmedia&parent=12485"}],"wp:term":[{"taxonomy":"category","embeddable":true,"href":"https:\/\/www.mpal.mp.br\/index.php?rest_route=%2Fwp%2Fv2%2Fcategories&post=12485"},{"taxonomy":"post_tag","embeddable":true,"href":"https:\/\/www.mpal.mp.br\/index.php?rest_route=%2Fwp%2Fv2%2Ftags&post=12485"}],"curies":[{"name":"wp","href":"https:\/\/api.w.org\/{rel}","templated":true}]}}