{"id":12484,"date":"2012-04-12T10:11:22","date_gmt":"2012-04-12T13:11:22","guid":{"rendered":"https:\/\/www.mpal.mp.br\/?p=12484"},"modified":"2022-07-15T10:12:01","modified_gmt":"2022-07-15T13:12:01","slug":"assessoria-militar-do-mpe-recebe-reconhecimento-de-outros-estados","status":"publish","type":"post","link":"https:\/\/www.mpal.mp.br\/?p=12484","title":{"rendered":"Assessoria Militar do MPE recebe reconhecimento de outros estados"},"content":{"rendered":"<p style=\"text-align: justify;\"><span style=\"font-size: 14pt;\">Reconhecimento. Este foi o sentimento dos policiais que atuam na Assessoria Militar do Minist\u00e9rio P\u00fablico Estadual ap\u00f3s os telefonemas e of\u00edcios recebidos de outros MP&#8217;s do Brasil elogiando o servi\u00e7o de seguran\u00e7a institucional prestado aos procuradores-gerais que estiveram em Macei\u00f3, no in\u00edcio deste m\u00eas, durante a reuni\u00e3o do CNPG. Amap\u00e1, Maranh\u00e3o, Minas Gerais, Goi\u00e1s e S\u00e3o Paulo entraram em contato para agradecer o empenho e din\u00e2mico trabalho desenvolvido pelos militares. Nenhuma ocorr\u00eancia foi registrada no per\u00edodo do evento.<\/span><\/p>\n<p style=\"text-align: justify;\"><span style=\"font-size: 14pt;\">O trabalho efetuado \u00e9 apenas um dos pontos constantes no Plano de Seguran\u00e7a Institucional desenvolvido pela Assessoria Militar sob o comando do coronel Marcus Aur\u00e9lio Pinheiro e que foi apresentado ao procurador-geral de Justi\u00e7a, Eduardo Tavares. \u201cTem sido gratificante este reconhecimento por parte de outras assessorias, inclusive de estados com um efetivo maior que o nosso. Temos recebido liga\u00e7\u00f5es onde os comandantes solicitam informa\u00e7\u00f5es sobre o nosso modelo de trabalho, nossa estrutura e o nosso planejamento em opera\u00e7\u00f5es de seguran\u00e7a\u201d, afirmou Pinheiro, destacando o apoio recebido de todos os oficiais e pra\u00e7as que trabalham na Assessoria.<\/span><\/p>\n<p style=\"text-align: justify;\"><span style=\"font-size: 14pt;\">O Coronel Pinheiro destacou o investimento que tem sido feito pelo procurador-geral de Justi\u00e7a, Eduardo Tavares, na Assessoria Militar tanto em qualifica\u00e7\u00e3o dos policiais como na aquisi\u00e7\u00e3o de novos equipamentos e mais material de trabalho, como r\u00e1dios e c\u00e2meras. Ele explicou, por exemplo, que para refor\u00e7ar o trabalho de Investiga\u00e7\u00e3o e Intelig\u00eancia o tenente Fausto participou recentemente de um curso em Bras\u00edlia.<\/span><\/p>\n<h4 style=\"text-align: justify;\"><span style=\"font-size: 14pt;\">GECOC<\/span><\/h4>\n<p style=\"text-align: justify;\"><span style=\"font-size: 14pt;\">Atualmente 40 militares atuam no MPE em todo o Estado, tanto na prote\u00e7\u00e3o e seguran\u00e7a de promotores e procuradores de Justi\u00e7a, como nas opera\u00e7\u00f5es do Grupo Estadual de Combate \u00e0s Organiza\u00e7\u00f5es Criminosas (Gecoc). \u201cOs bons resultados apresentados pelo Minist\u00e9rio P\u00fablico no servi\u00e7o de intelig\u00eancia e repress\u00e3o ao crime organizado em Alagoas tem a participa\u00e7\u00e3o dos militares da nossa Assessoria, tanto pra\u00e7as, quanto oficiais\u201d, afirmou o coronel Pinheiro,<\/span><\/p>\n","protected":false},"excerpt":{"rendered":"<p> [&hellip;]<\/p>\n","protected":false},"author":2,"featured_media":12486,"comment_status":"open","ping_status":"open","sticky":false,"template":"","format":"standard","meta":{"om_disable_all_campaigns":false,"_monsterinsights_skip_tracking":false,"_monsterinsights_sitenote_active":false,"_monsterinsights_sitenote_note":"","_monsterinsights_sitenote_category":0,"_uf_show_specific_survey":0,"_uf_disable_surveys":false,"footnotes":""},"categories":[2],"tags":[],"class_list":["post-12484","post","type-post","status-publish","format-standard","has-post-thumbnail","hentry","category-not_mpal"],"aioseo_notices":[],"_links":{"self":[{"href":"https:\/\/www.mpal.mp.br\/index.php?rest_route=\/wp\/v2\/posts\/12484","targetHints":{"allow":["GET"]}}],"collection":[{"href":"https:\/\/www.mpal.mp.br\/index.php?rest_route=\/wp\/v2\/posts"}],"about":[{"href":"https:\/\/www.mpal.mp.br\/index.php?rest_route=\/wp\/v2\/types\/post"}],"author":[{"embeddable":true,"href":"https:\/\/www.mpal.mp.br\/index.php?rest_route=\/wp\/v2\/users\/2"}],"replies":[{"embeddable":true,"href":"https:\/\/www.mpal.mp.br\/index.php?rest_route=%2Fwp%2Fv2%2Fcomments&post=12484"}],"version-history":[{"count":1,"href":"https:\/\/www.mpal.mp.br\/index.php?rest_route=\/wp\/v2\/posts\/12484\/revisions"}],"predecessor-version":[{"id":12487,"href":"https:\/\/www.mpal.mp.br\/index.php?rest_route=\/wp\/v2\/posts\/12484\/revisions\/12487"}],"wp:featuredmedia":[{"embeddable":true,"href":"https:\/\/www.mpal.mp.br\/index.php?rest_route=\/wp\/v2\/media\/12486"}],"wp:attachment":[{"href":"https:\/\/www.mpal.mp.br\/index.php?rest_route=%2Fwp%2Fv2%2Fmedia&parent=12484"}],"wp:term":[{"taxonomy":"category","embeddable":true,"href":"https:\/\/www.mpal.mp.br\/index.php?rest_route=%2Fwp%2Fv2%2Fcategories&post=12484"},{"taxonomy":"post_tag","embeddable":true,"href":"https:\/\/www.mpal.mp.br\/index.php?rest_route=%2Fwp%2Fv2%2Ftags&post=12484"}],"curies":[{"name":"wp","href":"https:\/\/api.w.org\/{rel}","templated":true}]}}