{"id":12480,"date":"2015-09-10T10:08:44","date_gmt":"2015-09-10T13:08:44","guid":{"rendered":"https:\/\/www.mpal.mp.br\/?p=12480"},"modified":"2022-07-15T10:11:00","modified_gmt":"2022-07-15T13:11:00","slug":"educacao-e-tema-de-palestra-gratuita-que-acontecera-no-mpe-al","status":"publish","type":"post","link":"https:\/\/www.mpal.mp.br\/?p=12480","title":{"rendered":"Educa\u00e7\u00e3o \u00e9 tema de palestra gratuita que acontecer\u00e1 no MPE\/AL"},"content":{"rendered":"<p style=\"text-align: justify;\"><span style=\"font-size: 14pt;\">A realidade da Educa\u00e7\u00e3o no Brasil, com foco na do Estado, \u00e9 tema de uma palestra gratuita que ser\u00e1 realizada na pr\u00f3xima segunda-feira (14), das 8h30 \u00e0s 12h, no audit\u00f3rio da Procuradoria Geral de Justi\u00e7a, no Po\u00e7o.<\/span><\/p>\n<p style=\"text-align: justify;\"><span style=\"font-size: 14pt;\">Com o objetivo de propiciar reflex\u00e3o e debate sobre um dos pilares sociais da sociedade, motivando a exist\u00eancia de agentes transformadores, a palestra foi intitulada \u201cEduca\u00e7\u00e3o, como estamos\u201d, para que cada participante se sinta inserido e respons\u00e1vel pelas mudan\u00e7as necess\u00e1rias.<\/span><\/p>\n<p style=\"text-align: justify;\"><span style=\"font-size: 14pt;\">A palestrante ser\u00e1 a professora mestra Cec\u00edlia Carna\u00faba, que \u00e9 promotora de Justi\u00e7a da Fazenda P\u00fablica Estadual, uma estudiosa do tema. Ela apresentar\u00e1 dados que mostram o diagn\u00f3stico da Educa\u00e7\u00e3o.<\/span><\/p>\n<p style=\"text-align: justify;\"><span style=\"font-size: 14pt;\">O evento, promovido pela Associa\u00e7\u00e3o do Minist\u00e9rio P\u00fablico de Alagoas (Ampal) e que conta com o apoio da Escola Superior do Minist\u00e9rio P\u00fablico (ESMP), \u00e9 destinado a membros e servidores do Minist\u00e9rio P\u00fablico do Estado de Alagoas, operadores de Direito, profissionais da Educa\u00e7\u00e3o e estudantes universit\u00e1rios.<\/span><\/p>\n<p style=\"text-align: justify;\"><span style=\"font-size: 14pt;\">Os interessados podem se inscrever, enviando e-mail para\u00a0<a href=\"mailto:ampal@ampal.com.br\">ampal@ampal.com.br<\/a>\u00a0com os seguintes dados: nome completo; n\u00fameros do CPF, RG e telefone; institui\u00e7\u00e3o em que trabalha e\/ou estuda. Quem participar receber\u00e1 certificado.<\/span><\/p>\n<p style=\"text-align: justify;\"><span style=\"font-size: 14pt;\">As informa\u00e7\u00f5es podem ser obtidas por meio da secretaria da Ampal (3355-5177\/ 98752-8512) e servidores da ESMP (2122-3502).<\/span><\/p>\n","protected":false},"excerpt":{"rendered":"<p> [&hellip;]<\/p>\n","protected":false},"author":4,"featured_media":12417,"comment_status":"open","ping_status":"open","sticky":false,"template":"","format":"standard","meta":{"om_disable_all_campaigns":false,"_monsterinsights_skip_tracking":false,"_monsterinsights_sitenote_active":false,"_monsterinsights_sitenote_note":"","_monsterinsights_sitenote_category":0,"_uf_show_specific_survey":0,"_uf_disable_surveys":false,"footnotes":""},"categories":[2],"tags":[],"class_list":["post-12480","post","type-post","status-publish","format-standard","has-post-thumbnail","hentry","category-not_mpal"],"aioseo_notices":[],"_links":{"self":[{"href":"https:\/\/www.mpal.mp.br\/index.php?rest_route=\/wp\/v2\/posts\/12480","targetHints":{"allow":["GET"]}}],"collection":[{"href":"https:\/\/www.mpal.mp.br\/index.php?rest_route=\/wp\/v2\/posts"}],"about":[{"href":"https:\/\/www.mpal.mp.br\/index.php?rest_route=\/wp\/v2\/types\/post"}],"author":[{"embeddable":true,"href":"https:\/\/www.mpal.mp.br\/index.php?rest_route=\/wp\/v2\/users\/4"}],"replies":[{"embeddable":true,"href":"https:\/\/www.mpal.mp.br\/index.php?rest_route=%2Fwp%2Fv2%2Fcomments&post=12480"}],"version-history":[{"count":1,"href":"https:\/\/www.mpal.mp.br\/index.php?rest_route=\/wp\/v2\/posts\/12480\/revisions"}],"predecessor-version":[{"id":12483,"href":"https:\/\/www.mpal.mp.br\/index.php?rest_route=\/wp\/v2\/posts\/12480\/revisions\/12483"}],"wp:featuredmedia":[{"embeddable":true,"href":"https:\/\/www.mpal.mp.br\/index.php?rest_route=\/wp\/v2\/media\/12417"}],"wp:attachment":[{"href":"https:\/\/www.mpal.mp.br\/index.php?rest_route=%2Fwp%2Fv2%2Fmedia&parent=12480"}],"wp:term":[{"taxonomy":"category","embeddable":true,"href":"https:\/\/www.mpal.mp.br\/index.php?rest_route=%2Fwp%2Fv2%2Fcategories&post=12480"},{"taxonomy":"post_tag","embeddable":true,"href":"https:\/\/www.mpal.mp.br\/index.php?rest_route=%2Fwp%2Fv2%2Ftags&post=12480"}],"curies":[{"name":"wp","href":"https:\/\/api.w.org\/{rel}","templated":true}]}}