{"id":12475,"date":"2012-04-19T10:07:00","date_gmt":"2012-04-19T13:07:00","guid":{"rendered":"https:\/\/www.mpal.mp.br\/?p=12475"},"modified":"2022-07-15T10:08:31","modified_gmt":"2022-07-15T13:08:31","slug":"inscricoes-abertas-para-o-i-premio-cnpg-de-jornalismo","status":"publish","type":"post","link":"https:\/\/www.mpal.mp.br\/?p=12475","title":{"rendered":"Inscri\u00e7\u00f5es abertas para o I Pr\u00eamio CNPG de Jornalismo"},"content":{"rendered":"<p style=\"text-align: justify;\"><span style=\"font-size: 14pt;\">A partir desta quarta-feira (18\/04), est\u00e3o abertas as inscri\u00e7\u00f5es para o I Pr\u00eamio CNPG de Jornalismo. Para se inscrever, basta entrar no Portal do CNPG (www.cnpg.org.br) e clicar no banner do Pr\u00eamio, que abrir\u00e1 um site espec\u00edfico sobre o concurso. L\u00e1, o interessado poder\u00e1 ler o regulamento, baixar e preencher as fichas de inscri\u00e7\u00e3o ou tirar d\u00favidas atrav\u00e9s do \u201cFale Conosco\u201d. As inscri\u00e7\u00f5es v\u00e3o at\u00e9 o dia 11 de junho, e o resultado ser\u00e1 divulgado em solenidade no dia 17 de agosto, no Rio de Janeiro.<\/span><\/p>\n<p style=\"text-align: justify;\"><span style=\"font-size: 14pt;\">\u201cAo realizarmos nosso trabalho, contamos com um aliado natural, na busca pela preserva\u00e7\u00e3o do estado de direito e das conquistas do cidad\u00e3o: a imprensa, que, atuando igualmente em busca da verdade dos fatos, aponta erros e cobra resultados em todos os n\u00edveis \u2013 Federal, Estadual e Municipal, em nome da sociedade que n\u00f3s, igualmente, defendemos\u201d, ressaltou o Presidente do Conselho Nacional de Procuradores-Gerais (CNPG) do Minist\u00e9rio P\u00fablico brasileiro, Cl\u00e1udio Lopes.<\/span><\/p>\n<p style=\"text-align: justify;\"><span style=\"font-size: 14pt;\">De acordo com Lopes, a cria\u00e7\u00e3o do I Pr\u00eamio CNPG de Jornalismo visa a premiar os melhores trabalhos da imprensa (Jornal, Revista, TV e R\u00e1dio) que mostram a atua\u00e7\u00e3o do Minist\u00e9rio P\u00fablico brasileiro como agente de transforma\u00e7\u00e3o social, em prol da sociedade brasileira. \u201cUm pa\u00eds justo n\u00e3o pode prescindir de uma imprensa livre e de um Minist\u00e9rio P\u00fablico forte e proativo\u201d, afirma Lopes.<\/span><\/p>\n<p style=\"text-align: justify;\"><span style=\"font-size: 14pt;\">O I Pr\u00eamio CNPG de Jornalismo contemplar\u00e1 mat\u00e9rias jornal\u00edsticas com impacto social da atua\u00e7\u00e3o do MP nas seguintes \u00e1reas: Meio Ambiente e Patrim\u00f4nio Cultural; Inf\u00e2ncia e Juventude; Patrim\u00f4nio P\u00fablico; Consumidor; Combate a Organiza\u00e7\u00f5es Criminosas; Educa\u00e7\u00e3o; Direitos do Cidad\u00e3o; Direitos Humanos; Criminal; C\u00edvel; Eleitoral; Controle Externo da Atividade Policial; Sa\u00fade; Portador de Necessidades Especiais; Idosos; Tr\u00e1fico de Seres Humanos e Viol\u00eancia Dom\u00e9stica; Trabalho Escravo; Trabalho Infantil; e \u00cdndios e Minorias.<\/span><\/p>\n<p style=\"text-align: justify;\"><span style=\"font-size: 14pt;\">O Pr\u00eamio ter\u00e1 quatro categorias: Jornalismo Impresso (Revista), Jornalismo Impresso (Jornal), Televis\u00e3o e R\u00e1dio. O vencedor de cada categoria receber\u00e1 R$ 10 mil. Poder\u00e3o concorrer ao Pr\u00eamio somente mat\u00e9rias publicadas ou veiculadas de 7 de abril de 2011 a 7 de maio de 2012.<\/span><\/p>\n<p style=\"text-align: justify;\"><span style=\"font-size: 14pt;\">I Pr\u00eamio CNPG de Jornalismo \u00e9 lan\u00e7ado no Rio<\/span><\/p>\n<p style=\"text-align: justify;\"><span style=\"font-size: 14pt;\">O I Pr\u00eamio CNPG de Jornalismo foi lan\u00e7ado, nesta segunda-feira (16\/04), com a presen\u00e7a do Presidente do Conselho Nacional dos Procuradores-Gerais do Minist\u00e9rio P\u00fablico dos Estados e da Uni\u00e3o (CNPG) e Procurador-Geral de Justi\u00e7a do Estado do Rio de Janeiro, Cl\u00e1udio Lopes. A premia\u00e7\u00e3o contemplar\u00e1 mat\u00e9rias sobre o Minist\u00e9rio P\u00fablico brasileiro. As inscri\u00e7\u00f5es estar\u00e3o abertas a partir desta quarta-feira (18\/4) e v\u00e3o at\u00e9 o dia 11 de junho. Para isso, basta entrar no Portal do CNPG (www.cnpg.org.br). O resultado ser\u00e1 divulgado em solenidade no dia 17 de agosto.<\/span><\/p>\n<p style=\"text-align: justify;\"><span style=\"font-size: 14pt;\">O lan\u00e7amento ocorreu durante a IV Reuni\u00e3o dos Assessores de Comunica\u00e7\u00e3o do CNPG, na sede do Minist\u00e9rio P\u00fablico do Estado do Rio de Janeiro (MPRJ). \u201cAcreditamos na for\u00e7a da participa\u00e7\u00e3o das assessorias em todo o Brasil para a divulga\u00e7\u00e3o deste importante pr\u00eamio. H\u00e1 tr\u00eas anos vejo o incremento da divulga\u00e7\u00e3o do trabalho do Minist\u00e9rio P\u00fablico do Rio junto \u00e0 sociedade. Isso \u00e9 resultado de nossos investimentos em planejamento estrat\u00e9gico. Prova disso foi o Pr\u00eamio Institui\u00e7\u00e3o Cidadania 2011 que o MPRJ recebeu. E n\u00e3o \u00e9 apenas o MP do Rio que est\u00e1 no caminho certo, mas sim todos os MPs brasileiros. A comprova\u00e7\u00e3o veio em uma recente pesquisa da Funda\u00e7\u00e3o Getulio Vagas, que mostrou o Minist\u00e9rio P\u00fablico como a terceira Institui\u00e7\u00e3o de maior credibilidade para a sociedade. O Pr\u00eamio CNPG, com certeza, dar\u00e1 uma visibilidade ainda maior ao MP \u201d, afirmou Cl\u00e1udio Lopes, na abertura do evento.<\/span><\/p>\n<p style=\"text-align: justify;\"><span style=\"font-size: 14pt;\">O Subprocurador-Geral de Justi\u00e7a de Planejamento Institucional do MPRJ, Carlos Roberto de Castro Jatahy, integrou a mesa de abertura da reuni\u00e3o, que contou ainda com a participa\u00e7\u00e3o do Coordenador de Acompanhamento de Projetos, Promotor de Justi\u00e7a Cristiano Lajoia.<\/span><\/p>\n<p style=\"text-align: justify;\"><span style=\"font-size: 14pt;\">Logo ap\u00f3s, o Coordenador da Faculdade de Jornalismo da PUC-Rio, Leonel Aguiar, discursou sobre o Jornalismo e a Democracia. Ele destacou a import\u00e2ncia da premia\u00e7\u00e3o para a valoriza\u00e7\u00e3o da cobertura jornal\u00edstica de assuntos relacionados ao Minist\u00e9rio P\u00fablico.<\/span><\/p>\n<p style=\"text-align: justify;\"><span style=\"font-size: 14pt;\">\u00c0 tarde, a Assessora-Chefe da Comunica\u00e7\u00e3o Social do MPRJ, Regina Luni\u00e8re, apresentou os detalhes sobre organiza\u00e7\u00e3o e entrega do Pr\u00eamio; din\u00e2mica da avalia\u00e7\u00e3o dos trabalhos inscritos; estrat\u00e9gia de divulga\u00e7\u00e3o; e visita \u00e0s reda\u00e7\u00f5es para divulga\u00e7\u00e3o a todos os Assessores de Comunica\u00e7\u00e3o dos MPs brasileiros presentes.<\/span><\/p>\n","protected":false},"excerpt":{"rendered":"<p> [&hellip;]<\/p>\n","protected":false},"author":2,"featured_media":12476,"comment_status":"open","ping_status":"open","sticky":false,"template":"","format":"standard","meta":{"om_disable_all_campaigns":false,"_monsterinsights_skip_tracking":false,"_monsterinsights_sitenote_active":false,"_monsterinsights_sitenote_note":"","_monsterinsights_sitenote_category":0,"_uf_show_specific_survey":0,"_uf_disable_surveys":false,"footnotes":""},"categories":[2],"tags":[],"class_list":["post-12475","post","type-post","status-publish","format-standard","has-post-thumbnail","hentry","category-not_mpal"],"aioseo_notices":[],"_links":{"self":[{"href":"https:\/\/www.mpal.mp.br\/index.php?rest_route=\/wp\/v2\/posts\/12475","targetHints":{"allow":["GET"]}}],"collection":[{"href":"https:\/\/www.mpal.mp.br\/index.php?rest_route=\/wp\/v2\/posts"}],"about":[{"href":"https:\/\/www.mpal.mp.br\/index.php?rest_route=\/wp\/v2\/types\/post"}],"author":[{"embeddable":true,"href":"https:\/\/www.mpal.mp.br\/index.php?rest_route=\/wp\/v2\/users\/2"}],"replies":[{"embeddable":true,"href":"https:\/\/www.mpal.mp.br\/index.php?rest_route=%2Fwp%2Fv2%2Fcomments&post=12475"}],"version-history":[{"count":1,"href":"https:\/\/www.mpal.mp.br\/index.php?rest_route=\/wp\/v2\/posts\/12475\/revisions"}],"predecessor-version":[{"id":12477,"href":"https:\/\/www.mpal.mp.br\/index.php?rest_route=\/wp\/v2\/posts\/12475\/revisions\/12477"}],"wp:featuredmedia":[{"embeddable":true,"href":"https:\/\/www.mpal.mp.br\/index.php?rest_route=\/wp\/v2\/media\/12476"}],"wp:attachment":[{"href":"https:\/\/www.mpal.mp.br\/index.php?rest_route=%2Fwp%2Fv2%2Fmedia&parent=12475"}],"wp:term":[{"taxonomy":"category","embeddable":true,"href":"https:\/\/www.mpal.mp.br\/index.php?rest_route=%2Fwp%2Fv2%2Fcategories&post=12475"},{"taxonomy":"post_tag","embeddable":true,"href":"https:\/\/www.mpal.mp.br\/index.php?rest_route=%2Fwp%2Fv2%2Ftags&post=12475"}],"curies":[{"name":"wp","href":"https:\/\/api.w.org\/{rel}","templated":true}]}}