{"id":12474,"date":"2015-09-22T10:05:44","date_gmt":"2015-09-22T13:05:44","guid":{"rendered":"https:\/\/www.mpal.mp.br\/?p=12474"},"modified":"2022-07-15T10:08:39","modified_gmt":"2022-07-15T13:08:39","slug":"mpe-al-recomenda-a-see-reinsercao-de-estudantes-com-deficiencia-em-escolas-da-rede-estadual","status":"publish","type":"post","link":"https:\/\/www.mpal.mp.br\/?p=12474","title":{"rendered":"MPE\/AL recomenda \u00e0 SEE reinser\u00e7\u00e3o de estudantes com defici\u00eancia em escolas da rede estadual"},"content":{"rendered":"<p style=\"text-align: justify;\"><span style=\"font-size: 14pt;\">O Minist\u00e9rio P\u00fablico do Estado de Alagoas (MPE\/AL), por meio da 19\u00aa Promotoria de Justi\u00e7a da Capital, recomendou, nesta ter\u00e7a-feira (22), ao secret\u00e1rio de Estado de Educa\u00e7\u00e3o de Alagoas (SEE), Jos\u00e9 Luciano Barbosa da Silva, a imediata reinser\u00e7\u00e3o de alunos com defici\u00eancia nas atividades regulares das escolas onde est\u00e3o matriculados. Segundo o MPE\/AL, os estudantes foram exclu\u00eddos do direito \u00e0 aprendizagem escolar por falta de pessoal de apoio e auxiliares de sala.<\/span><\/p>\n<p style=\"text-align: justify;\"><span style=\"font-size: 14pt;\">A promotora de Justi\u00e7a Maria Cec\u00edlia Pontes Carna\u00faba \u00e9 a autora da recomenda\u00e7\u00e3o. No procedimento, ela orienta o governo estadual a adotar as provid\u00eancias necess\u00e1rias a fim de que a reinser\u00e7\u00e3o dos estudantes aconte\u00e7a de modo eficiente para o desenvolvimento adequado das habilidades cognitiva e psico\/social deles.<\/span><\/p>\n<p style=\"text-align: justify;\"><span style=\"font-size: 14pt;\">\u201cA Rep\u00fablica Federativa do Brasil tem como fundamento a dignidade da pessoa humana, nos termos fixados pelos inciso III, artigo 1\u00ba da Constitui\u00e7\u00e3o Federal e, para que esta se materialize, \u00e9 essencial que o indiv\u00edduo tenha acesso \u00e0 educa\u00e7\u00e3o, que lhe desenvolva a capacidade intelectual e habilidades para o exerc\u00edcio de profiss\u00f5es e of\u00edcios que lhe assegurem o sustento pr\u00f3prio de e de sua fam\u00edlia, atrav\u00e9s da remunera\u00e7\u00e3o de seu trabalho\u201d, justificou a promotora.<\/span><\/p>\n<p style=\"text-align: justify;\"><span style=\"font-size: 14pt;\">A recomenda\u00e7\u00e3o deve ser respondida pela Secretaria de Estado de Educa\u00e7\u00e3o, em at\u00e9 10 dias, a contar do seu recebimento, para a 19\u00aa Promotoria de Justi\u00e7a da Capital, que exerce a fun\u00e7\u00e3o relativa \u00e0 defesa do direito \u00e0 educa\u00e7\u00e3o.<\/span><\/p>\n<p style=\"text-align: justify;\"><span style=\"font-size: 14pt;\"><strong>Falta profissionais de apoio<\/strong><\/span><\/p>\n<p style=\"text-align: justify;\"><span style=\"font-size: 14pt;\">A 19\u00aa Promotoria de Justi\u00e7a recebeu not\u00edcias de que h\u00e1 alunos com defici\u00eancia f\u00edsica e\/ou mental, regularmente matriculados, na rede estadual de ensino, para cursar o ano letivo de 2015, que est\u00e3o impedidos de frequentar a escola por falta de profissionais que os auxiliem em sala de aula e nas atividades necess\u00e1rias ao conv\u00edvio escolar.<\/span><\/p>\n<p style=\"text-align: justify;\"><span style=\"font-size: 14pt;\">Segundo o MPE\/AL, a unidade Wandete de Castro, que atua como centro de apoio \u00e0 pessoa com defici\u00eancia, tem funcionamento insuficiente, em virtude da falta de profissionais com forma\u00e7\u00e3o adequada ao atendimento das necessidades de seus usu\u00e1rios, o que resulta em uma grande demanda n\u00e3o atendida.<\/span><\/p>\n<p style=\"text-align: justify;\"><span style=\"font-size: 14pt;\">O Minist\u00e9rio P\u00fablico chegou a procurar a Secretaria de Estado da Educa\u00e7\u00e3o, solicitando provid\u00eancias urgentes para solu\u00e7\u00e3o do problema. \u201cNo entanto, os of\u00edcios enviados n\u00e3o foram respondidos, nem as provid\u00eancias foram adotadas, de modo que a ilegalidade permanece e prejudica diversos alunos, causando-lhes danos irrecuper\u00e1veis\u201d, disse a promotora de Justi\u00e7a Cec\u00edlia Carna\u00faba.<\/span><\/p>\n","protected":false},"excerpt":{"rendered":"<p> [&hellip;]<\/p>\n","protected":false},"author":4,"featured_media":12417,"comment_status":"open","ping_status":"open","sticky":false,"template":"","format":"standard","meta":{"om_disable_all_campaigns":false,"_monsterinsights_skip_tracking":false,"_monsterinsights_sitenote_active":false,"_monsterinsights_sitenote_note":"","_monsterinsights_sitenote_category":0,"_uf_show_specific_survey":0,"_uf_disable_surveys":false,"footnotes":""},"categories":[2],"tags":[],"class_list":["post-12474","post","type-post","status-publish","format-standard","has-post-thumbnail","hentry","category-not_mpal"],"aioseo_notices":[],"_links":{"self":[{"href":"https:\/\/www.mpal.mp.br\/index.php?rest_route=\/wp\/v2\/posts\/12474","targetHints":{"allow":["GET"]}}],"collection":[{"href":"https:\/\/www.mpal.mp.br\/index.php?rest_route=\/wp\/v2\/posts"}],"about":[{"href":"https:\/\/www.mpal.mp.br\/index.php?rest_route=\/wp\/v2\/types\/post"}],"author":[{"embeddable":true,"href":"https:\/\/www.mpal.mp.br\/index.php?rest_route=\/wp\/v2\/users\/4"}],"replies":[{"embeddable":true,"href":"https:\/\/www.mpal.mp.br\/index.php?rest_route=%2Fwp%2Fv2%2Fcomments&post=12474"}],"version-history":[{"count":1,"href":"https:\/\/www.mpal.mp.br\/index.php?rest_route=\/wp\/v2\/posts\/12474\/revisions"}],"predecessor-version":[{"id":12478,"href":"https:\/\/www.mpal.mp.br\/index.php?rest_route=\/wp\/v2\/posts\/12474\/revisions\/12478"}],"wp:featuredmedia":[{"embeddable":true,"href":"https:\/\/www.mpal.mp.br\/index.php?rest_route=\/wp\/v2\/media\/12417"}],"wp:attachment":[{"href":"https:\/\/www.mpal.mp.br\/index.php?rest_route=%2Fwp%2Fv2%2Fmedia&parent=12474"}],"wp:term":[{"taxonomy":"category","embeddable":true,"href":"https:\/\/www.mpal.mp.br\/index.php?rest_route=%2Fwp%2Fv2%2Fcategories&post=12474"},{"taxonomy":"post_tag","embeddable":true,"href":"https:\/\/www.mpal.mp.br\/index.php?rest_route=%2Fwp%2Fv2%2Ftags&post=12474"}],"curies":[{"name":"wp","href":"https:\/\/api.w.org\/{rel}","templated":true}]}}