{"id":12471,"date":"2012-04-19T10:05:06","date_gmt":"2012-04-19T13:05:06","guid":{"rendered":"https:\/\/www.mpal.mp.br\/?p=12471"},"modified":"2022-07-15T10:06:28","modified_gmt":"2022-07-15T13:06:28","slug":"promotor-ajuiza-acao-contra-promocao-pessoal-de-prefeito","status":"publish","type":"post","link":"https:\/\/www.mpal.mp.br\/?p=12471","title":{"rendered":"Promotor aju\u00edza a\u00e7\u00e3o contra promo\u00e7\u00e3o pessoal de Prefeito"},"content":{"rendered":"<p style=\"text-align: justify;\"><span style=\"font-size: 14pt;\">O Promotor de Justi\u00e7a Jorge D\u00f3ria ajuizou nesta quarta-feira, a\u00e7\u00e3o civil p\u00fablica visando coibir a pintura de pr\u00e9dios p\u00fablicos com cores que ressaltem a promo\u00e7\u00e3o pessoal do Prefeito de S\u00e3o Jos\u00e9 da Lage, M\u00e1rcio Jos\u00e9 da Fonseca Lyra, o Dudu\u00ed, alegando que ao colorir os pr\u00e9dios p\u00fablicos da cidade com a cor amarela, o gestor est\u00e1 cometendo um ato de improbidade administrativa.<\/span><\/p>\n<p style=\"text-align: justify;\"><span style=\"font-size: 14pt;\">A a\u00e7\u00e3o visa acabar com essa pr\u00e1tica, a pintura dos pr\u00e9dios p\u00fablicos de uma s\u00f3 cor, em que os prefeitos, na verdade, buscam e ou fazem uma irregular promo\u00e7\u00e3o pessoal, que segundo a lei se configura ato de improbidade administrativa, pois utiliza-se de verba p\u00fablica para fins pessoais.<\/span><\/p>\n<p style=\"text-align: justify;\"><span style=\"font-size: 14pt;\">O Promotor de Justi\u00e7a acredita que \u201cPor se tratar de mat\u00e9ria inovadora e pol\u00eamica, que visa combater mais uma das formas de improbidade, acho interessante que seja levada a conhecimento do p\u00fablico, devendo ser coibida mais uma das formas de desmando com o dinheiro p\u00fablico\u201d.<\/span><\/p>\n<p style=\"text-align: justify;\"><span style=\"font-size: 14pt;\">Deixa claro ainda que manter a conserva\u00e7\u00e3o dos pr\u00e9dios p\u00fablicos \u00e9 dever do gestor, mas ele n\u00e3o pode se utilizar de um dever para tomar proveito pr\u00f3prio, o que ocorre nesses casos \u00e9 a tentativa ou a execu\u00e7\u00e3o de ilegalidade sobre a sombra da conserva\u00e7\u00e3o do bem p\u00fablico.<\/span><\/p>\n<p style=\"text-align: justify;\"><span style=\"font-size: 14pt;\">Ainda na a\u00e7\u00e3o, o membro do Minist\u00e9rio P\u00fablico diz que \u201c a Administra\u00e7\u00e3o P\u00fablica n\u00e3o \u00e9 um feudo particular, ou o quintal de seu gestor onde este possa fazer dela um meio de favorecimento pessoal.\u201d<\/span><\/p>\n<p style=\"text-align: justify;\"><span style=\"font-size: 14pt;\">Com a a\u00e7\u00e3o o Minist\u00e9rio P\u00fablico Estadual quer acabar com os desvios de finalidade na administra\u00e7\u00e3o p\u00fablica, fazendo com que o dinheiro p\u00fablico seja utilizado de forma eficiente e com responsabilidade, evitando desta forma o uso pol\u00edtico, especialmente em ano de elei\u00e7\u00e3o, pois tais pinturas tornam-se verdadeiras propagandas eleitorais.<\/span><\/p>\n","protected":false},"excerpt":{"rendered":"<p> [&hellip;]<\/p>\n","protected":false},"author":2,"featured_media":12472,"comment_status":"open","ping_status":"open","sticky":false,"template":"","format":"standard","meta":{"om_disable_all_campaigns":false,"_monsterinsights_skip_tracking":false,"_monsterinsights_sitenote_active":false,"_monsterinsights_sitenote_note":"","_monsterinsights_sitenote_category":0,"_uf_show_specific_survey":0,"_uf_disable_surveys":false,"footnotes":""},"categories":[2],"tags":[],"class_list":["post-12471","post","type-post","status-publish","format-standard","has-post-thumbnail","hentry","category-not_mpal"],"aioseo_notices":[],"_links":{"self":[{"href":"https:\/\/www.mpal.mp.br\/index.php?rest_route=\/wp\/v2\/posts\/12471","targetHints":{"allow":["GET"]}}],"collection":[{"href":"https:\/\/www.mpal.mp.br\/index.php?rest_route=\/wp\/v2\/posts"}],"about":[{"href":"https:\/\/www.mpal.mp.br\/index.php?rest_route=\/wp\/v2\/types\/post"}],"author":[{"embeddable":true,"href":"https:\/\/www.mpal.mp.br\/index.php?rest_route=\/wp\/v2\/users\/2"}],"replies":[{"embeddable":true,"href":"https:\/\/www.mpal.mp.br\/index.php?rest_route=%2Fwp%2Fv2%2Fcomments&post=12471"}],"version-history":[{"count":1,"href":"https:\/\/www.mpal.mp.br\/index.php?rest_route=\/wp\/v2\/posts\/12471\/revisions"}],"predecessor-version":[{"id":12473,"href":"https:\/\/www.mpal.mp.br\/index.php?rest_route=\/wp\/v2\/posts\/12471\/revisions\/12473"}],"wp:featuredmedia":[{"embeddable":true,"href":"https:\/\/www.mpal.mp.br\/index.php?rest_route=\/wp\/v2\/media\/12472"}],"wp:attachment":[{"href":"https:\/\/www.mpal.mp.br\/index.php?rest_route=%2Fwp%2Fv2%2Fmedia&parent=12471"}],"wp:term":[{"taxonomy":"category","embeddable":true,"href":"https:\/\/www.mpal.mp.br\/index.php?rest_route=%2Fwp%2Fv2%2Fcategories&post=12471"},{"taxonomy":"post_tag","embeddable":true,"href":"https:\/\/www.mpal.mp.br\/index.php?rest_route=%2Fwp%2Fv2%2Ftags&post=12471"}],"curies":[{"name":"wp","href":"https:\/\/api.w.org\/{rel}","templated":true}]}}