{"id":12458,"date":"2015-12-04T09:53:00","date_gmt":"2015-12-04T11:53:00","guid":{"rendered":"https:\/\/www.mpal.mp.br\/?p=12458"},"modified":"2022-07-15T09:55:49","modified_gmt":"2022-07-15T12:55:49","slug":"mpe-al-considera-inconstitucional-fim-de-controle-do-numero-de-comissionados-na-gestao-da-prefeitura-de-maceio-mudanca-esta-prevista-em-projeto-de-emenda-a-lom","status":"publish","type":"post","link":"https:\/\/www.mpal.mp.br\/?p=12458","title":{"rendered":"MPE\/AL considera inconstitucional fim de controle do n\u00famero de comissionados na gest\u00e3o da Prefeitura de Macei\u00f3; mudan\u00e7a est\u00e1 prevista em projeto de emenda \u00e0 LOM"},"content":{"rendered":"<p style=\"text-align: justify;\"><span style=\"font-size: 14pt;\">O Minist\u00e9rio P\u00fablico do Estado de Alagoas, por meio da 14\u00aa Promotoria de Justi\u00e7a da Capital (Fazenda P\u00fablica Municipal), posicionou-se contr\u00e1rio \u00e0 iniciativa da Prefeitura de Macei\u00f3 de acabar com o limite de provimento de cargos em comiss\u00e3o por servidores n\u00e3o-efetivos no Munic\u00edpio.<\/span><\/p>\n<p style=\"text-align: justify;\"><span style=\"font-size: 14pt;\">No dia 1\u00ba dezembro, o prefeito Rui Palmeira encaminhou para a C\u00e2mara Municipal de Vereadores um projeto de Emenda \u00e0 Lei Org\u00e2nica do Munic\u00edpio, que suprime o par\u00e1grafo \u00fanico do art. 82 da principal legisla\u00e7\u00e3o de Macei\u00f3. Atualmente, o dispositivo legal amea\u00e7ado garante que os cargos em comiss\u00e3o do Poder Executivo sejam preenchidos por 50% dos servidores municipais efetivos.<\/span><\/p>\n<p style=\"text-align: justify;\"><span style=\"font-size: 14pt;\">Pelo menos at\u00e9 o dia 19 de outubro, a Prefeitura de Macei\u00f3 j\u00e1 se encontrava em situa\u00e7\u00e3o de ilegalidade. Segundo informa\u00e7\u00f5es que a Secretaria Municipal de Administra\u00e7\u00e3o, Recursos Humanos e Patrim\u00f4nio (SEMARHP) repassou ao MPE\/AL, o Munic\u00edpio possui 1.238 cargos em comiss\u00e3o dispon\u00edveis para provimento. Desses, 1.175 est\u00e3o ocupados, sendo 981 por comissionados e apenas 194 por efetivos. Em percentuais, os n\u00fameros chegam a 83,5% e 16,5%, respectivamente.<\/span><\/p>\n<p style=\"text-align: justify;\"><span style=\"font-size: 14pt;\"><strong>Retrocesso<\/strong><\/span><\/p>\n<p style=\"text-align: justify;\"><span style=\"font-size: 14pt;\">Para a promotora de Justi\u00e7a Marluce Caldas, a iniciativa da Prefeitura representa um retrocesso aos direitos dos servidores da Casa e um ataque \u00e0 garantia constitucional de acesso universal ao servi\u00e7o p\u00fablico. \u201cO projeto de emenda enfraquece os princ\u00edpios do concurso p\u00fablico, tais como igualdade, legalidade, moralidade, efici\u00eancia e continuidade dos servi\u00e7os estatais, al\u00e9m de aumentar o investimento em pessoal, que possivelmente, n\u00e3o permanecer\u00e1 no cargo ocupado por muito tempo\u201d, destaca.<\/span><\/p>\n<p style=\"text-align: justify;\"><span style=\"font-size: 14pt;\">\u201cAdemais, sendo conferida aos servidores efetivos a garantia da estabilidade, ap\u00f3s o preenchimento de certos requisitos, est\u00e3o asseguradas a independ\u00eancia funcional, impessoalidade e consequente bom funcionamento da Administra\u00e7\u00e3o P\u00fablica\u201d, completa a titular da 14\u00aa Promotoria de Justi\u00e7a da Capital.<\/span><\/p>\n<p style=\"text-align: justify;\"><span style=\"font-size: 14pt;\">No projeto de emenda, o prefeito Rui Palmeira tamb\u00e9m pede a supress\u00e3o do inciso XI do Art. 125 da Lei Org\u00e2nica do Munic\u00edpio, que prev\u00ea elei\u00e7\u00f5es para os cargos de chefia das unidades de sa\u00fade, pelos usu\u00e1rios e trabalhadores da sa\u00fade com exerc\u00edcio no \u00f3rg\u00e3o correspondente, a cada dois anos. O conte\u00fado foi enviado aos vereadores por meio da Mensagem n\u00ba 64 da Prefeitura de Macei\u00f3.<\/span><\/p>\n<p style=\"text-align: justify;\"><span style=\"font-size: 14pt;\"><strong>Inqu\u00e9rito civil<\/strong><\/span><\/p>\n<p style=\"text-align: justify;\"><span style=\"font-size: 14pt;\">Na semana passada, o Minist\u00e9rio P\u00fablico do Estado de Alagoas (MPE\/AL) converteu em inqu\u00e9rito civil p\u00fablico o procedimento preparat\u00f3rio que investigava ind\u00edcios de irregularidades no provimento de cargos em comiss\u00e3o na Prefeitura de Macei\u00f3, tal como o excesso de servidores comissionados no Gabinete do prefeito Rui Palmeira.<\/span><\/p>\n","protected":false},"excerpt":{"rendered":"<p> [&hellip;]<\/p>\n","protected":false},"author":4,"featured_media":12459,"comment_status":"open","ping_status":"open","sticky":false,"template":"","format":"standard","meta":{"om_disable_all_campaigns":false,"_monsterinsights_skip_tracking":false,"_monsterinsights_sitenote_active":false,"_monsterinsights_sitenote_note":"","_monsterinsights_sitenote_category":0,"_uf_show_specific_survey":0,"_uf_disable_surveys":false,"footnotes":""},"categories":[2],"tags":[],"class_list":["post-12458","post","type-post","status-publish","format-standard","has-post-thumbnail","hentry","category-not_mpal"],"aioseo_notices":[],"_links":{"self":[{"href":"https:\/\/www.mpal.mp.br\/index.php?rest_route=\/wp\/v2\/posts\/12458","targetHints":{"allow":["GET"]}}],"collection":[{"href":"https:\/\/www.mpal.mp.br\/index.php?rest_route=\/wp\/v2\/posts"}],"about":[{"href":"https:\/\/www.mpal.mp.br\/index.php?rest_route=\/wp\/v2\/types\/post"}],"author":[{"embeddable":true,"href":"https:\/\/www.mpal.mp.br\/index.php?rest_route=\/wp\/v2\/users\/4"}],"replies":[{"embeddable":true,"href":"https:\/\/www.mpal.mp.br\/index.php?rest_route=%2Fwp%2Fv2%2Fcomments&post=12458"}],"version-history":[{"count":1,"href":"https:\/\/www.mpal.mp.br\/index.php?rest_route=\/wp\/v2\/posts\/12458\/revisions"}],"predecessor-version":[{"id":12460,"href":"https:\/\/www.mpal.mp.br\/index.php?rest_route=\/wp\/v2\/posts\/12458\/revisions\/12460"}],"wp:featuredmedia":[{"embeddable":true,"href":"https:\/\/www.mpal.mp.br\/index.php?rest_route=\/wp\/v2\/media\/12459"}],"wp:attachment":[{"href":"https:\/\/www.mpal.mp.br\/index.php?rest_route=%2Fwp%2Fv2%2Fmedia&parent=12458"}],"wp:term":[{"taxonomy":"category","embeddable":true,"href":"https:\/\/www.mpal.mp.br\/index.php?rest_route=%2Fwp%2Fv2%2Fcategories&post=12458"},{"taxonomy":"post_tag","embeddable":true,"href":"https:\/\/www.mpal.mp.br\/index.php?rest_route=%2Fwp%2Fv2%2Ftags&post=12458"}],"curies":[{"name":"wp","href":"https:\/\/api.w.org\/{rel}","templated":true}]}}