{"id":12452,"date":"2016-01-29T09:47:34","date_gmt":"2016-01-29T11:47:34","guid":{"rendered":"https:\/\/www.mpal.mp.br\/?p=12452"},"modified":"2022-07-15T09:50:25","modified_gmt":"2022-07-15T12:50:25","slug":"a-pedido-do-mpe-al-juiz-de-direito-sentencia-detran-a-assumir-servicos-de-registros-da-alienacao-fiduciaria","status":"publish","type":"post","link":"https:\/\/www.mpal.mp.br\/?p=12452","title":{"rendered":"A pedido do MPE\/AL, juiz de Direito sentencia Detran a assumir servi\u00e7os de registros da aliena\u00e7\u00e3o fiduci\u00e1ria"},"content":{"rendered":"<p style=\"text-align: justify;\"><span style=\"font-size: 14pt;\">Ap\u00f3s o Minist\u00e9rio P\u00fablico do Estado de Alagoas (MPE\/AL) ajuizar a\u00e7\u00e3o civil p\u00fablica, o Ju\u00edzo de Direito da 16\u00aa Vara C\u00edvel da Capital (Fazenda Estadual) proferiu, na ter\u00e7a-feira (26), senten\u00e7a que confirma tutela antecipada anterior e acaba com a terceiriza\u00e7\u00e3o dos servi\u00e7os de registro de aliena\u00e7\u00e3o fiduci\u00e1ria realizados pelo Departamento Estadual de Tr\u00e2nsito de Alagoas (Detran\/AL). O procedimento ministerial partiu da 17\u00aa Promotoria de Justi\u00e7a da Capital e da Promotoria Coletiva Especializada de Defesa do Consumidor da Capital e Estado de Alagoas.<\/span><\/p>\n<p style=\"text-align: justify;\"><span style=\"font-size: 14pt;\">Al\u00e9m do Detran\/AL, a a\u00e7\u00e3o do Minist\u00e9rio P\u00fablico teve como alvo a empresa FDL \u2013 Servi\u00e7os de Registro, Cadastro, Informatiza\u00e7\u00e3o e Certifica\u00e7\u00e3o (atual EIG Mercados) e a Federa\u00e7\u00e3o Nacional das Empresas de Seguros Privados e de Capitaliza\u00e7\u00e3o (FENASEG). Na senten\u00e7a, o juiz de Direito Ant\u00f4nio Emanuel D\u00f3ria Ferreira reconheceu a nulidade do Contrato n\u00ba 058\/2006 e do Aditivo n\u00ba 01\/2011, firmados entre o Estado de Alagoas, a autarquia estadual e a empresa. Ele tamb\u00e9m anulou os Conv\u00eanios n\u00ba 02\/2008 e n\u00ba 09\/2010, estes firmados pelas partes estaduais com a FENASEG.<\/span><\/p>\n<p style=\"text-align: justify;\"><span style=\"font-size: 14pt;\">O Detran\/Al dever\u00e1 assumir assim os servi\u00e7os de registros da aliena\u00e7\u00e3o fiduci\u00e1ria em seu banco de dados e de anota\u00e7\u00e3o do gravame no certificado de registro de ve\u00edculos. O Judici\u00e1rio entende que o servi\u00e7o \u00e9 indeleg\u00e1vel e deve ser prestado diretamente pela autarquia. Junto com a empresa FDL, atual EIG Mercados, ele foi condenado ao pagamento dos preju\u00edzos causados aos usu\u00e1rios em raz\u00e3o das cobran\u00e7as indevidas, tal como de R$ 100 mil por danos morais coletivos, que ser\u00e3o revertidos a fundo especial previsto na Lei n\u00ba 7.347\/1985.<\/span><\/p>\n<p style=\"text-align: justify;\"><span style=\"font-size: 14pt;\">\u201cA condena\u00e7\u00e3o a pagamento de valor por danos morais coletivos \u00e9 uma conquista in\u00e9dita do Minist\u00e9rio P\u00fablico do Estado de Alagoas, sendo a primeira senten\u00e7a neste sentido. Vale frisar que a a\u00e7\u00e3o civil p\u00fablica foi ajuizada ainda na gest\u00e3o anterior do Detran\/Al e que a atual diretoria, representada na figura do diretor Ant\u00f4nio Carlos Gouveia, tem trabalhado no estrito cumprimento da lei, a fim de solucionar as irregularidades existentes na autarquia\u201d, destacou o promotor de Justi\u00e7a Coaracy Fonseca, titular da 17\u00aa Promotoria de Justi\u00e7a da Capital.<\/span><\/p>\n<p style=\"text-align: justify;\"><span style=\"font-size: 14pt;\"><strong>Ampla divulga\u00e7\u00e3o da senten\u00e7a<\/strong><\/span><\/p>\n<p style=\"text-align: justify;\"><span style=\"font-size: 14pt;\">O \u00f3rg\u00e3o do Poder Judici\u00e1rio tamb\u00e9m condenou os demandados a publicar, \u00e0s custas deles, a parte dispositiva da senten\u00e7a condenat\u00f3ria em tr\u00eas jornais de grande circula\u00e7\u00e3o do Estado de Alagoas. A publica\u00e7\u00e3o deve ocorrer em tr\u00eas edi\u00e7\u00f5es consecutivas, em tamanho 15 x 15 cm, para que os usu\u00e1rios dos servi\u00e7os tomem ci\u00eancia. Os condenados ainda ter\u00e3o de pagar as custas processuais do processo julgado.<\/span><\/p>\n<p style=\"text-align: justify;\"><span style=\"font-size: 14pt;\">Para Coaracy Fonseca, a pr\u00f3pria cobran\u00e7a das taxas dos servi\u00e7os de registros da aliena\u00e7\u00e3o fiduci\u00e1ria pode ser considerada inconstitucional porque foram criadas por ato administrativo e n\u00e3o mediante lei, como prev\u00ea a Constitui\u00e7\u00e3o do Estado de Alagoas. A ilegalidade ainda do ato \u00e9 objetos de outras a\u00e7\u00f5es movidas pelo Minist\u00e9rio P\u00fablico Estadual contra a empresa FDL, seus diretores e agentes p\u00fablicos.<\/span><\/p>\n","protected":false},"excerpt":{"rendered":"<p> [&hellip;]<\/p>\n","protected":false},"author":4,"featured_media":12453,"comment_status":"open","ping_status":"open","sticky":false,"template":"","format":"standard","meta":{"om_disable_all_campaigns":false,"_monsterinsights_skip_tracking":false,"_monsterinsights_sitenote_active":false,"_monsterinsights_sitenote_note":"","_monsterinsights_sitenote_category":0,"_uf_show_specific_survey":0,"_uf_disable_surveys":false,"footnotes":""},"categories":[2],"tags":[],"class_list":["post-12452","post","type-post","status-publish","format-standard","has-post-thumbnail","hentry","category-not_mpal"],"aioseo_notices":[],"_links":{"self":[{"href":"https:\/\/www.mpal.mp.br\/index.php?rest_route=\/wp\/v2\/posts\/12452","targetHints":{"allow":["GET"]}}],"collection":[{"href":"https:\/\/www.mpal.mp.br\/index.php?rest_route=\/wp\/v2\/posts"}],"about":[{"href":"https:\/\/www.mpal.mp.br\/index.php?rest_route=\/wp\/v2\/types\/post"}],"author":[{"embeddable":true,"href":"https:\/\/www.mpal.mp.br\/index.php?rest_route=\/wp\/v2\/users\/4"}],"replies":[{"embeddable":true,"href":"https:\/\/www.mpal.mp.br\/index.php?rest_route=%2Fwp%2Fv2%2Fcomments&post=12452"}],"version-history":[{"count":2,"href":"https:\/\/www.mpal.mp.br\/index.php?rest_route=\/wp\/v2\/posts\/12452\/revisions"}],"predecessor-version":[{"id":12455,"href":"https:\/\/www.mpal.mp.br\/index.php?rest_route=\/wp\/v2\/posts\/12452\/revisions\/12455"}],"wp:featuredmedia":[{"embeddable":true,"href":"https:\/\/www.mpal.mp.br\/index.php?rest_route=\/wp\/v2\/media\/12453"}],"wp:attachment":[{"href":"https:\/\/www.mpal.mp.br\/index.php?rest_route=%2Fwp%2Fv2%2Fmedia&parent=12452"}],"wp:term":[{"taxonomy":"category","embeddable":true,"href":"https:\/\/www.mpal.mp.br\/index.php?rest_route=%2Fwp%2Fv2%2Fcategories&post=12452"},{"taxonomy":"post_tag","embeddable":true,"href":"https:\/\/www.mpal.mp.br\/index.php?rest_route=%2Fwp%2Fv2%2Ftags&post=12452"}],"curies":[{"name":"wp","href":"https:\/\/api.w.org\/{rel}","templated":true}]}}