{"id":12446,"date":"2016-02-24T09:39:50","date_gmt":"2016-02-24T12:39:50","guid":{"rendered":"https:\/\/www.mpal.mp.br\/?p=12446"},"modified":"2022-07-15T09:42:14","modified_gmt":"2022-07-15T12:42:14","slug":"proposto-pelo-mpe-al-secretaria-de-educacao-inicia-projeto-para-utilizar-aplicativo-hand-talk-na-rede-estadual","status":"publish","type":"post","link":"https:\/\/www.mpal.mp.br\/?p=12446","title":{"rendered":"Proposto pelo MPE\/AL, Secretaria de Educa\u00e7\u00e3o inicia projeto para utilizar aplicativo Hand Talk na rede estadual"},"content":{"rendered":"<p style=\"text-align: justify;\"><span style=\"font-size: 14pt;\">Ap\u00f3s provoca\u00e7\u00e3o da 19\u00aa Promotoria de Justi\u00e7a da Capital, a Secretaria de Estado da Educa\u00e7\u00e3o (Seduc) estuda um novo projeto para utilizar o aplicativo Hand Talk, que realiza a tradu\u00e7\u00e3o digital e autom\u00e1tica para a L\u00edngua Brasileira de Sinais (Libras), para intensificar a inclus\u00e3o na rede estadual de ensino.<\/span><\/p>\n<p style=\"text-align: justify;\" align=\"JUSTIFY\"><span style=\"font-size: 14pt;\">A promotora de Justi\u00e7a Maria Cec\u00edlia Pontes Carna\u00faba prop\u00f4s o uso da tecnologia, em reuni\u00e3o realizada no in\u00edcio de fevereiro, e foi prontamente aceita pela Seduc que j\u00e1 vem realizando cursos de forma\u00e7\u00e3o b\u00e1sica em Libras tradicional, sem o uso de ferramentas tecnol\u00f3gicas, bem como forma\u00e7\u00e3o continuada para docentes, inclusive de v\u00e1rios munic\u00edpios.<\/span><\/p>\n<p style=\"text-align: justify;\"><span style=\"font-size: 14pt;\">Segundo a promotora de Justi\u00e7a, o Minist\u00e9rio P\u00fablico do Estado de Alagoas (MPE\/AL) trabalha na quest\u00e3o de inclus\u00e3o social dos estudantes da rede p\u00fablica estadual h\u00e1 algum tempo. Por meio de a\u00e7\u00f5es civis p\u00fablicas e de decis\u00f5es obtidas junto ao Judici\u00e1rio, as escolas ganharam int\u00e9rpretes de Libras, no entanto, os alunos seguiam com dificuldade no aprendizado em virtude da falta de autonomia para buscar conhecimento.<\/span><\/p>\n<p style=\"text-align: justify;\"><span style=\"font-size: 14pt;\">\u201cFoi a\u00ed que tivemos ci\u00eancia do aplicativo Hand Talk, criado por jovens pesquisadores alagoanos, e constatamos que a ferramenta era adequada \u00e0s necessidades dos estudantes com defici\u00eancia. No material did\u00e1tico, ser\u00e3o inseridos QR Codes [Quick Response Code, esp\u00e9cie de c\u00f3digo de barras de r\u00e1pida interpreta\u00e7\u00e3o], para que os alunos possam l\u00ea-lo, a partir do aplicativo, e se tornem donos do seu direito de estudo, direcionando o seu esfor\u00e7o na busca de saber, que era exatamente a demanda deles\u201d, comemora Cec\u00edlia Carna\u00faba em rela\u00e7\u00e3o \u00e0 iniciativa pioneira no pa\u00eds.<\/span><\/p>\n<p style=\"text-align: justify;\"><span style=\"font-size: 14pt;\">O superintendente de pol\u00edticas educacionais da Seduc, Ricardo Lisboa, afirma que est\u00e1 em contato com a empresa para alinhar alguns pontos e apresentar o Centro de Atendimento \u00e0s Pessoas com Surdez e as escolas polos.<\/span><\/p>\n<p style=\"text-align: justify;\"><span style=\"font-size: 14pt;\">\u201cO projeto do Hand Talk abre a possibilidade de expandir instrumentos e recursos na forma\u00e7\u00e3o e inclus\u00e3o cada vez maior e melhor. Estamos analisado qual a melhor forma de atuar. O que ficou acertado \u00e9 que nosso portal na internet dever\u00e1 seguir nessa perspectiva de inclus\u00e3o. Vamos avaliar ainda a possibilidade da forma\u00e7\u00e3o de professores, bem como o material dispon\u00edvel para que os estudantes tenham acesso \u00e0 L\u00edngua dos Sinais, por meio do aplicativo\u201d, afirma o superintendente.<\/span><\/p>\n<p style=\"text-align: justify;\"><span style=\"font-size: 14pt;\"><strong>Hand Talk<\/strong><\/span><\/p>\n<p style=\"text-align: justify;\"><span style=\"font-size: 14pt;\">O aplicativo Hand Talk (M\u00e3os que Falam), criado por tr\u00eas jovens alagoanos em 2012, realiza tradu\u00e7\u00e3o digital para L\u00edngua dos Sinais e oferece ferramentas complementares ao trabalho do int\u00e9rprete para auxiliar a comunica\u00e7\u00e3o entre surdos e ouvintes. A empresa, premiada internacionalmente e refer\u00eancia no segmento, \u00e9 comanda por um simp\u00e1tico int\u00e9rprete virtual, o Hugo, personagem 3D que torna a comunica\u00e7\u00e3o interativa e de f\u00e1cil compreens\u00e3o.<\/span><\/p>\n<p style=\"text-align: justify;\"><span style=\"font-size: 14pt;\"><em>Com informa\u00e7\u00f5es da Ascom\/Secud.<\/em><\/span><\/p>\n","protected":false},"excerpt":{"rendered":"<p> [&hellip;]<\/p>\n","protected":false},"author":4,"featured_media":12448,"comment_status":"open","ping_status":"open","sticky":false,"template":"","format":"standard","meta":{"om_disable_all_campaigns":false,"_monsterinsights_skip_tracking":false,"_monsterinsights_sitenote_active":false,"_monsterinsights_sitenote_note":"","_monsterinsights_sitenote_category":0,"_uf_show_specific_survey":0,"_uf_disable_surveys":false,"footnotes":""},"categories":[2],"tags":[],"class_list":["post-12446","post","type-post","status-publish","format-standard","has-post-thumbnail","hentry","category-not_mpal"],"aioseo_notices":[],"_links":{"self":[{"href":"https:\/\/www.mpal.mp.br\/index.php?rest_route=\/wp\/v2\/posts\/12446","targetHints":{"allow":["GET"]}}],"collection":[{"href":"https:\/\/www.mpal.mp.br\/index.php?rest_route=\/wp\/v2\/posts"}],"about":[{"href":"https:\/\/www.mpal.mp.br\/index.php?rest_route=\/wp\/v2\/types\/post"}],"author":[{"embeddable":true,"href":"https:\/\/www.mpal.mp.br\/index.php?rest_route=\/wp\/v2\/users\/4"}],"replies":[{"embeddable":true,"href":"https:\/\/www.mpal.mp.br\/index.php?rest_route=%2Fwp%2Fv2%2Fcomments&post=12446"}],"version-history":[{"count":1,"href":"https:\/\/www.mpal.mp.br\/index.php?rest_route=\/wp\/v2\/posts\/12446\/revisions"}],"predecessor-version":[{"id":12449,"href":"https:\/\/www.mpal.mp.br\/index.php?rest_route=\/wp\/v2\/posts\/12446\/revisions\/12449"}],"wp:featuredmedia":[{"embeddable":true,"href":"https:\/\/www.mpal.mp.br\/index.php?rest_route=\/wp\/v2\/media\/12448"}],"wp:attachment":[{"href":"https:\/\/www.mpal.mp.br\/index.php?rest_route=%2Fwp%2Fv2%2Fmedia&parent=12446"}],"wp:term":[{"taxonomy":"category","embeddable":true,"href":"https:\/\/www.mpal.mp.br\/index.php?rest_route=%2Fwp%2Fv2%2Fcategories&post=12446"},{"taxonomy":"post_tag","embeddable":true,"href":"https:\/\/www.mpal.mp.br\/index.php?rest_route=%2Fwp%2Fv2%2Ftags&post=12446"}],"curies":[{"name":"wp","href":"https:\/\/api.w.org\/{rel}","templated":true}]}}