{"id":12431,"date":"2016-04-27T09:26:01","date_gmt":"2016-04-27T12:26:01","guid":{"rendered":"https:\/\/www.mpal.mp.br\/?p=12431"},"modified":"2022-07-15T09:31:24","modified_gmt":"2022-07-15T12:31:24","slug":"mpe-al-participa-em-brasilia-de-discussoes-para-combater-o-subfinanciamento-da-educacao-e-da-saude-publica-no-brasil","status":"publish","type":"post","link":"https:\/\/www.mpal.mp.br\/?p=12431","title":{"rendered":"MPE\/AL participa, em Bras\u00edlia, de discuss\u00f5es para combater o subfinanciamento da educa\u00e7\u00e3o e da sa\u00fade p\u00fablica no Brasil"},"content":{"rendered":"<p style=\"text-align: justify;\"><span style=\"font-size: 14pt;\">Avaliar os riscos de subfinanciamento da educa\u00e7\u00e3o e da sa\u00fade p\u00fablica no Brasil e, em consequ\u00eancia, a inefetividade do Plano Nacional de Educa\u00e7\u00e3o (PNE) e do Sistema \u00danico de Sa\u00fade (SUS). Esse foi o objetivo da \u201cAudi\u00eancia P\u00fablica sobre o custeio constitucionalmente adequado da educa\u00e7\u00e3o e da sa\u00fade e o papel do Minist\u00e9rio P\u00fablico diante da crise fiscal e da necessidade de equil\u00edbrio federativo\u201d, que a Comiss\u00e3o de Defesa dos Direitos Fundamentais (CDDF) do Conselho Nacional do Minist\u00e9rio P\u00fablico realizou no \u00faltimo dia 18 de abril, na sede daquele Colegiado, em Bras\u00edlia\/DF. O Minist\u00e9rio P\u00fablico Estadual de Alagoas (MPE\/AL) esteve representando pela promotora de Justi\u00e7a Maria Cec\u00edlia Pontes Carna\u00faba, que integra o Comit\u00ea Nacional de Educa\u00e7\u00e3o em Direitos Humanos do Minist\u00e9rio das Mulheres, da Igualdade Racial e dos Direitos Humanos (CNEDH).<\/span><\/p>\n<p style=\"text-align: justify;\"><span style=\"font-size: 14pt;\">A audi\u00eancia p\u00fablica foi aberta e presidida por F\u00e1bio George Cruz da N\u00f3brega, conselheiro do CNMP e presidente da CDDF. Ele destacou a insatisfa\u00e7\u00e3o popular com a oferta p\u00fablica dos servi\u00e7os de educa\u00e7\u00e3o e sa\u00fade, lembrou que o Minist\u00e9rio P\u00fablico, por conta dessa situa\u00e7\u00e3o, \u00e9 procurado pela popula\u00e7\u00e3o e ressaltou a import\u00e2ncia da audi\u00eancia realizada. \u201cNeste momento, proporcionamos uma aproxima\u00e7\u00e3o do MP com os setores da sociedade civil, com os Poderes constitu\u00eddos e com importantes \u00f3rg\u00e3os da administra\u00e7\u00e3o p\u00fablica. Estamos em busca do aprofundamento deste relevante debate e do desenvolvimento de uma atua\u00e7\u00e3o mais justa, efetiva, adequada e equilibrada\u201d, disse.<\/span><\/p>\n<p style=\"text-align: justify;\"><span style=\"font-size: 14pt;\">Durante o encontro, diversos assuntos foram abordados sobre a realidade dos servi\u00e7os p\u00fablicos oferecidos nas \u00e1reas de Sa\u00fade e educa\u00e7\u00e3o, come\u00e7ando pela falta de planejamento devido a m\u00e1 governan\u00e7a, passando pela forma ineficiente de sua presta\u00e7\u00e3o \u00e0 popula\u00e7\u00e3o, at\u00e9 a defici\u00eancia na capacita\u00e7\u00e3o dos servidores e a maneira supostamente equivocada em que os repasses financeiros acontecem.<\/span><\/p>\n<p style=\"text-align: justify;\"><span style=\"font-size: 14pt;\">De acordo com Cec\u00edlia Carna\u00faba, Uni\u00e3o, estados e munic\u00edpios precisam respeitar o que preconiza a Constitui\u00e7\u00e3o Federal de 1988, que estabelece regras de financiamento \u00e0 Sa\u00fade e \u00e0 Educa\u00e7\u00e3o. \u201cNela est\u00e3o dispostas as porcentagens m\u00ednimas das receitas que cada um desses entes precisa aplicar nas duas \u00e1reas. N\u00e3o podemos mais ficar assistindo o subfinanciamento sem adotar as medidas necess\u00e1rias para que os gestores entendam, de uma vez por todas, quais s\u00e3o as consequ\u00eancias administrativas, c\u00edveis e penais que podem lhes acontecer em caso de descumprimento das normas jur\u00eddicas estabelecidas\u201d, explicou a promotora de Justi\u00e7a.<\/span><\/p>\n<p style=\"text-align: justify;\"><span style=\"font-size: 14pt;\">Outro ponto enfatizado durante a reuni\u00e3o foi a necessidade de se alinhar a atua\u00e7\u00e3o do CNMP junto ao Conselho Nacional de Justi\u00e7a (CNJ) para compartilhamento, organiza\u00e7\u00e3o e divulga\u00e7\u00e3o de ideias e experi\u00eancias. Na oportunidade, foi apresentado o modelo de gest\u00e3o sist\u00eamica realizado no \u00e2mbito da Sa\u00fade no Rio Grande do Sul, o termo de coopera\u00e7\u00e3o e a possibilidade de se replicar o modelo na \u00e1rea da Educa\u00e7\u00e3o e nos demais estados. Os participantes sugeriram aproveitar a XIX Marcha a Bras\u00edlia em Defesa dos Munic\u00edpios.<\/span><\/p>\n<p style=\"text-align: justify;\"><span style=\"font-size: 14pt;\"><strong>Conclus\u00f5es<\/strong><\/span><\/p>\n<p style=\"text-align: justify;\"><span style=\"font-size: 14pt;\">Em breve, a CDDF apresentar\u00e1 um relat\u00f3rio da audi\u00eancia p\u00fablica, com as conclus\u00f5es de propostas de solu\u00e7\u00f5es ou provid\u00eancias alternativas, ao Plen\u00e1rio do CNMP.<\/span><\/p>\n<p style=\"text-align: justify;\"><span style=\"font-size: 14pt;\">Documentos complementares poder\u00e3o ser enviados ao e-mail\u00a0<a href=\"mailto:direitosfundamentais@cnmp.mp.br\">direitosfundamentais@cnmp.mp.br<\/a>\u00a0at\u00e9 o pr\u00f3ximo dia 27 de abril.<\/span><\/p>\n<p style=\"text-align: justify;\"><span style=\"font-size: 14pt;\">Com informa\u00e7\u00f5es do CNMP.<\/span><\/p>\n","protected":false},"excerpt":{"rendered":"<p> [&hellip;]<\/p>\n","protected":false},"author":4,"featured_media":12432,"comment_status":"open","ping_status":"open","sticky":false,"template":"","format":"standard","meta":{"om_disable_all_campaigns":false,"_monsterinsights_skip_tracking":false,"_monsterinsights_sitenote_active":false,"_monsterinsights_sitenote_note":"","_monsterinsights_sitenote_category":0,"_uf_show_specific_survey":0,"_uf_disable_surveys":false,"footnotes":""},"categories":[2],"tags":[],"class_list":["post-12431","post","type-post","status-publish","format-standard","has-post-thumbnail","hentry","category-not_mpal"],"aioseo_notices":[],"_links":{"self":[{"href":"https:\/\/www.mpal.mp.br\/index.php?rest_route=\/wp\/v2\/posts\/12431","targetHints":{"allow":["GET"]}}],"collection":[{"href":"https:\/\/www.mpal.mp.br\/index.php?rest_route=\/wp\/v2\/posts"}],"about":[{"href":"https:\/\/www.mpal.mp.br\/index.php?rest_route=\/wp\/v2\/types\/post"}],"author":[{"embeddable":true,"href":"https:\/\/www.mpal.mp.br\/index.php?rest_route=\/wp\/v2\/users\/4"}],"replies":[{"embeddable":true,"href":"https:\/\/www.mpal.mp.br\/index.php?rest_route=%2Fwp%2Fv2%2Fcomments&post=12431"}],"version-history":[{"count":2,"href":"https:\/\/www.mpal.mp.br\/index.php?rest_route=\/wp\/v2\/posts\/12431\/revisions"}],"predecessor-version":[{"id":12434,"href":"https:\/\/www.mpal.mp.br\/index.php?rest_route=\/wp\/v2\/posts\/12431\/revisions\/12434"}],"wp:featuredmedia":[{"embeddable":true,"href":"https:\/\/www.mpal.mp.br\/index.php?rest_route=\/wp\/v2\/media\/12432"}],"wp:attachment":[{"href":"https:\/\/www.mpal.mp.br\/index.php?rest_route=%2Fwp%2Fv2%2Fmedia&parent=12431"}],"wp:term":[{"taxonomy":"category","embeddable":true,"href":"https:\/\/www.mpal.mp.br\/index.php?rest_route=%2Fwp%2Fv2%2Fcategories&post=12431"},{"taxonomy":"post_tag","embeddable":true,"href":"https:\/\/www.mpal.mp.br\/index.php?rest_route=%2Fwp%2Fv2%2Ftags&post=12431"}],"curies":[{"name":"wp","href":"https:\/\/api.w.org\/{rel}","templated":true}]}}