{"id":12422,"date":"2016-07-05T09:18:51","date_gmt":"2016-07-05T12:18:51","guid":{"rendered":"https:\/\/www.mpal.mp.br\/?p=12422"},"modified":"2022-07-15T09:21:08","modified_gmt":"2022-07-15T12:21:08","slug":"a-pedido-do-mpe-al-acordao-do-tj-obriga-estado-a-garantir-moradia-para-58-familias-vitimas-das-chuvas-de-2010","status":"publish","type":"post","link":"https:\/\/www.mpal.mp.br\/?p=12422","title":{"rendered":"A pedido do MPE\/AL, ac\u00f3rd\u00e3o do TJ obriga Estado a garantir moradia para 58 fam\u00edlias v\u00edtimas das chuvas de 2010"},"content":{"rendered":"<div class=\"content-wrapper-1\">\n<div class=\"content-wrapper-2\">\n<div id=\"mainmiddle\">\n<div id=\"mainmiddle-expand\">\n<div id=\"content\">\n<div id=\"content-shift\">\n<div class=\"floatbox\">\n<div class=\"joomla \">\n<div class=\"article\">\n<div id=\"articlepxfontsize1\">\n<p style=\"text-align: justify;\"><span style=\"font-size: 14pt;\">Ap\u00f3s iniciativa da 19\u00aa Promotoria de Justi\u00e7a da Capital (Fazenda Estadual), os desembargadores da 2\u00aa C\u00e2mara C\u00edvel do Tribunal de Justi\u00e7a acordaram, por unanimidade, em manter a senten\u00e7a do juiz Manoel Cavalcante de Lima Neto, que obriga o Estado de Alagoas a garantir moradias dignas para 58 fam\u00edlias desabrigadas. Trata-se de v\u00edtimas das fortes chuvas que atingiram cidades alagoanas em junho de 2010 e at\u00e9 hoje vivem de forma prec\u00e1ria, cercada de prolifera\u00e7\u00e3o de doen\u00e7as e ambientes impr\u00f3prios em ocupa\u00e7\u00f5es.<\/span><\/p>\n<p style=\"text-align: justify;\"><span style=\"font-size: 14pt;\">Na origem do processo, o Minist\u00e9rio P\u00fablico Estadual ajuizou a\u00e7\u00e3o civil p\u00fablica objetivando a coloca\u00e7\u00e3o das fam\u00edlias em situa\u00e7\u00e3o de risco em conjuntos habitacionais, para atender o direito fundamental \u00e0 moradia. A institui\u00e7\u00e3o alegou que elas foram alojadas na Escola Estadual Alfredo Gaspar de Mendon\u00e7a de forma provis\u00f3ria. Na ocasi\u00e3o, a Secretaria Estadual de Infraestrutura se comprometeu a realojar as fam\u00edlias cadastradas no Projeto Integrado de Urbaniza\u00e7\u00e3o da Orla Lagunar, no Conjunto Habitacional Santa Maria, o que n\u00e3o foi cumprido integralmente.<\/span><\/p>\n<p style=\"text-align: justify;\"><span style=\"font-size: 14pt;\">De in\u00edcio, o governo cadastrou 226 fam\u00edlias, por\u00e9m, 58 delas ainda precisavam de apoio do poder p\u00fablico at\u00e9 2012, permanecendo instaladas na escola. Na decis\u00e3o do Ju\u00edzo de Direito, 28 fam\u00edlias de enfermos, idosos e crian\u00e7as tiveram prioridade na obten\u00e7\u00e3o de moradias no Programa Minha Casa, Minha Vida do Conjunto Residencial Jos\u00e9 Apr\u00edgio Vilela, restando 21 fam\u00edlias que seriam abrigadas por outro conjunto habitacional, a ser lan\u00e7ado em 2013, o que nunca ocorreu. As demais foram exclu\u00eddas do cadastro por motivos diversos, tais como falecimento, uni\u00e3o est\u00e1vel com membros j\u00e1 cadastrados ou n\u00e3o comparecimento ao \u00f3rg\u00e3o competente para registro.<\/span><\/p>\n<p style=\"text-align: justify;\"><span style=\"font-size: 14pt;\">H\u00e1 mais de um ano se iniciaram as obras de reforma da escola, o que obrigou as fam\u00edlias a sa\u00edrem do local e constru\u00edrem barracas de lona nas \u00e1reas verdes do Conjunto Habitacional Santa Maria e de um posto de sa\u00fade desativado pr\u00f3ximo ao local.<\/span><\/p>\n<p style=\"text-align: justify;\"><span style=\"font-size: 14pt;\">&#8220;O Minist\u00e9rio P\u00fablico entende que habita\u00e7\u00e3o \u00e9 direito fundamental e condi\u00e7\u00e3o m\u00ednima de inclus\u00e3o social, por essa raz\u00e3o essas fam\u00edlias n\u00e3o poderiam permanecer vitimadas pela viola\u00e7\u00e3o ao direito da moradia&#8221;, destacou a promotora de Justi\u00e7a Cec\u00edlia Carna\u00faba diante do processo que transitou em julgado com o ac\u00f3rd\u00e3o.<\/span><\/p>\n<p style=\"text-align: justify;\"><span style=\"font-size: 14pt;\"><strong>Controle judicial<\/strong><\/span><\/p>\n<p style=\"text-align: justify;\"><span style=\"font-size: 14pt;\">Para a desembargadora Elizabeth Carvalho Nascimento, uma vez que existe o programa do Estado, sendo ele insuficiente, \u00e9 necess\u00e1rio um controle judicial para garantir a efetiva\u00e7\u00e3o do direito fundamental \u00e0 moradia de pessoas que sem encontram em situa\u00e7\u00e3o vulner\u00e1vel. Ela destaca o fato de j\u00e1 haver projetos de moradia popular, como os do Vale do Reginaldo, Sururu de Capote e Comunidade do Jacar\u00e9, al\u00e9m do pr\u00f3prio Conjunto Residencial Jos\u00e9 Apr\u00edgio Vilela.<\/span><\/p>\n<p style=\"text-align: justify;\"><span style=\"font-size: 14pt;\">\u201cRessalte-se que o caso n\u00e3o \u00e9 de omiss\u00e3o, mas de atua\u00e7\u00e3o insuficiente e inadequada do Poder P\u00fablico, quando possui o dever de agir de maneira satisfat\u00f3ria atrav\u00e9s da garantia de moradia a essas pessoas, a maioria delas j\u00e1 cadastradas e \u00e0 espera de serem contempladas por alguns dos projetos em andamento, sem que haja motivo pra a sua n\u00e3o efetiva\u00e7\u00e3o\u201d, disse a desembargadora na relatoria do processo na 2\u00aa C\u00e2mara C\u00edvel do Tribunal de Justi\u00e7a.<\/span><\/p>\n<\/div>\n<\/div>\n<\/div>\n<\/div>\n<\/div>\n<\/div>\n<\/div>\n<\/div>\n<\/div>\n<\/div>\n<div class=\"content-wrapper-b1\">\n<div class=\"content-wrapper-b2\" style=\"text-align: justify;\"><\/div>\n<\/div>\n","protected":false},"excerpt":{"rendered":"<p> [&hellip;]<\/p>\n","protected":false},"author":4,"featured_media":12417,"comment_status":"open","ping_status":"open","sticky":false,"template":"","format":"standard","meta":{"om_disable_all_campaigns":false,"_monsterinsights_skip_tracking":false,"_monsterinsights_sitenote_active":false,"_monsterinsights_sitenote_note":"","_monsterinsights_sitenote_category":0,"_uf_show_specific_survey":0,"_uf_disable_surveys":false,"footnotes":""},"categories":[2],"tags":[],"class_list":["post-12422","post","type-post","status-publish","format-standard","has-post-thumbnail","hentry","category-not_mpal"],"aioseo_notices":[],"_links":{"self":[{"href":"https:\/\/www.mpal.mp.br\/index.php?rest_route=\/wp\/v2\/posts\/12422","targetHints":{"allow":["GET"]}}],"collection":[{"href":"https:\/\/www.mpal.mp.br\/index.php?rest_route=\/wp\/v2\/posts"}],"about":[{"href":"https:\/\/www.mpal.mp.br\/index.php?rest_route=\/wp\/v2\/types\/post"}],"author":[{"embeddable":true,"href":"https:\/\/www.mpal.mp.br\/index.php?rest_route=\/wp\/v2\/users\/4"}],"replies":[{"embeddable":true,"href":"https:\/\/www.mpal.mp.br\/index.php?rest_route=%2Fwp%2Fv2%2Fcomments&post=12422"}],"version-history":[{"count":1,"href":"https:\/\/www.mpal.mp.br\/index.php?rest_route=\/wp\/v2\/posts\/12422\/revisions"}],"predecessor-version":[{"id":12423,"href":"https:\/\/www.mpal.mp.br\/index.php?rest_route=\/wp\/v2\/posts\/12422\/revisions\/12423"}],"wp:featuredmedia":[{"embeddable":true,"href":"https:\/\/www.mpal.mp.br\/index.php?rest_route=\/wp\/v2\/media\/12417"}],"wp:attachment":[{"href":"https:\/\/www.mpal.mp.br\/index.php?rest_route=%2Fwp%2Fv2%2Fmedia&parent=12422"}],"wp:term":[{"taxonomy":"category","embeddable":true,"href":"https:\/\/www.mpal.mp.br\/index.php?rest_route=%2Fwp%2Fv2%2Fcategories&post=12422"},{"taxonomy":"post_tag","embeddable":true,"href":"https:\/\/www.mpal.mp.br\/index.php?rest_route=%2Fwp%2Fv2%2Ftags&post=12422"}],"curies":[{"name":"wp","href":"https:\/\/api.w.org\/{rel}","templated":true}]}}