{"id":12406,"date":"2006-05-06T11:55:05","date_gmt":"2006-05-06T14:55:05","guid":{"rendered":"https:\/\/www.mpal.mp.br\/?p=12406"},"modified":"2022-07-14T11:55:35","modified_gmt":"2022-07-14T14:55:35","slug":"mp-quer-anulacao-de-decisao-de-juiz-que-beneficiou-unimed","status":"publish","type":"post","link":"https:\/\/www.mpal.mp.br\/?p=12406","title":{"rendered":"MP quer anula\u00e7\u00e3o de decis\u00e3o de juiz que beneficiou Unimed"},"content":{"rendered":"<p style=\"text-align: justify;\"><span style=\"font-size: 14pt;\">O Minist\u00e9rio P\u00fablico de Alagoas ingressou, no in\u00edcio da noite desta quarta-feira (3\/5), com recurso de apela\u00e7\u00e3o no Tribunal de Justi\u00e7a, no qual solicitou anula\u00e7\u00e3o da decis\u00e3o do juiz Ayrton Ten\u00f3rio que julgou improcedente o pedido de a\u00e7\u00e3o civil p\u00fablica contra a Unimed\/Macei\u00f3, no dia 31 de mar\u00e7o.<\/span><\/p>\n<p style=\"text-align: justify;\"><span style=\"font-size: 14pt;\">Na a\u00e7\u00e3o, impetrada pelos promotores de Justi\u00e7a, da Promotoria de Justi\u00e7a Coletiva Especializada de Defesa do Consumidor, Max Martins, Denise Guimar\u00e3es e Jos\u00e9 Artur, a Unimed\/Macei\u00f3 foi denunciada por estar se negando a realizar exames de usu\u00e1rios, solicitados por m\u00e9dicos n\u00e3o credenciados.<\/span><\/p>\n<p style=\"text-align: justify;\"><span style=\"font-size: 14pt;\">A empresa, segundo as den\u00fancias, tamb\u00e9m vem dificultando a realiza\u00e7\u00e3o de exames, obrigando os consumidores se deslocarem at\u00e9 sua sede.<\/span><\/p>\n<p style=\"text-align: justify;\"><span style=\"font-size: 14pt;\">Segundo os promotores de Justi\u00e7a, o juiz se preocupou com o fato de a representa\u00e7\u00e3o ter sido formalizada por uma promotora de Justi\u00e7a e esqueceu que os advogados da Unimed, em audi\u00eancia realizada na sede do MP, confirmaram que a pr\u00e1tica da empresa requerida \u00e9 a mesma narrada pelos consumidores insatisfeitos, limitando-se, apenas a apresentarem explica\u00e7\u00f5es nada convincentes sobre o abuso da empresa.<\/span><\/p>\n<p style=\"text-align: justify;\"><span style=\"font-size: 14pt;\">Os promotores acreditam, ainda, que o juiz Ayrton Ten\u00f3rio julgou a causa de forma parcial a favor da Unimed por ter sido advogado da empresa por v\u00e1rios anos.<\/span><\/p>\n<p style=\"text-align: justify;\"><span style=\"font-size: 14pt;\">O que causou maior estranheza ao Minist\u00e9rio P\u00fablico foi fato de a decis\u00e3o ter sido antecipada sem que a proposta da a\u00e7\u00e3o fosse publicada no edital do Di\u00e1rio Oficial do Estado para que os consumidores interessados pudessem intervir no referido processo.<\/span><\/p>\n","protected":false},"excerpt":{"rendered":"<p> [&hellip;]<\/p>\n","protected":false},"author":5,"featured_media":12407,"comment_status":"open","ping_status":"open","sticky":false,"template":"","format":"standard","meta":{"om_disable_all_campaigns":false,"_monsterinsights_skip_tracking":false,"_monsterinsights_sitenote_active":false,"_monsterinsights_sitenote_note":"","_monsterinsights_sitenote_category":0,"_uf_show_specific_survey":0,"_uf_disable_surveys":false,"footnotes":""},"categories":[2],"tags":[],"class_list":["post-12406","post","type-post","status-publish","format-standard","has-post-thumbnail","hentry","category-not_mpal"],"aioseo_notices":[],"_links":{"self":[{"href":"https:\/\/www.mpal.mp.br\/index.php?rest_route=\/wp\/v2\/posts\/12406","targetHints":{"allow":["GET"]}}],"collection":[{"href":"https:\/\/www.mpal.mp.br\/index.php?rest_route=\/wp\/v2\/posts"}],"about":[{"href":"https:\/\/www.mpal.mp.br\/index.php?rest_route=\/wp\/v2\/types\/post"}],"author":[{"embeddable":true,"href":"https:\/\/www.mpal.mp.br\/index.php?rest_route=\/wp\/v2\/users\/5"}],"replies":[{"embeddable":true,"href":"https:\/\/www.mpal.mp.br\/index.php?rest_route=%2Fwp%2Fv2%2Fcomments&post=12406"}],"version-history":[{"count":1,"href":"https:\/\/www.mpal.mp.br\/index.php?rest_route=\/wp\/v2\/posts\/12406\/revisions"}],"predecessor-version":[{"id":12408,"href":"https:\/\/www.mpal.mp.br\/index.php?rest_route=\/wp\/v2\/posts\/12406\/revisions\/12408"}],"wp:featuredmedia":[{"embeddable":true,"href":"https:\/\/www.mpal.mp.br\/index.php?rest_route=\/wp\/v2\/media\/12407"}],"wp:attachment":[{"href":"https:\/\/www.mpal.mp.br\/index.php?rest_route=%2Fwp%2Fv2%2Fmedia&parent=12406"}],"wp:term":[{"taxonomy":"category","embeddable":true,"href":"https:\/\/www.mpal.mp.br\/index.php?rest_route=%2Fwp%2Fv2%2Fcategories&post=12406"},{"taxonomy":"post_tag","embeddable":true,"href":"https:\/\/www.mpal.mp.br\/index.php?rest_route=%2Fwp%2Fv2%2Ftags&post=12406"}],"curies":[{"name":"wp","href":"https:\/\/api.w.org\/{rel}","templated":true}]}}