{"id":12397,"date":"2006-05-12T11:52:33","date_gmt":"2006-05-12T14:52:33","guid":{"rendered":"https:\/\/www.mpal.mp.br\/?p=12397"},"modified":"2022-07-14T11:53:06","modified_gmt":"2022-07-14T14:53:06","slug":"termo-de-ajuste-de-conduta-beneficia-portadores-de-fibrose-cistica","status":"publish","type":"post","link":"https:\/\/www.mpal.mp.br\/?p=12397","title":{"rendered":"Termo de Ajuste de Conduta beneficia portadores de fibrose c\u00edstica"},"content":{"rendered":"<p style=\"text-align: justify;\"><span style=\"font-size: 14pt;\">Um Termo de Ajuste de Conduta firmado entre o Minist\u00e9rio P\u00fablico de Alagoas, a Secretaria Executiva Estadual de Sa\u00fade e a Secretaria Municipal de Sa\u00fade de Macei\u00f3 vai garantir a assist\u00eancia integral a portadores de fibrose c\u00edstica, doen\u00e7a gen\u00e9tica, degenerativa, que compromete principalmente pulm\u00e3o p\u00e2ncreas rins e a locomo\u00e7\u00e3o. A princ\u00edpio, ser\u00e3o beneficiados 12 pacientes, com idades entre nove meses e 11 anos, acompanhados no Hospital Universit\u00e1rio Alberto Antunes, mas o TAC abrange todos os portadores que nascerem ou passarem a residir no estado.<\/span><\/p>\n<p style=\"text-align: justify;\"><span style=\"font-size: 14pt;\">De acordo com o os promotores de Justi\u00e7a, Ubirajara Ramos, do N\u00facleo de Defesa da N\u00facleo de Defesa dos Direitos da Inf\u00e2ncia e da Juventude, e Luiz Albuquerque Medeiros, da 2\u00aa Promotoria de Justi\u00e7a da Inf\u00e2ncia e da Juventude da capital, o TAC atende \u00e0 representa\u00e7\u00e3o da Associa\u00e7\u00e3o Brasileira de Assist\u00eancia \u00e0 Mucoviscidose (Abram).<\/span><\/p>\n<p style=\"text-align: justify;\"><span style=\"font-size: 14pt;\">A entidade denunciou ao MP a constante falta de medicamentos e servi\u00e7os necess\u00e1rios ao atendimento dos pacientes, com descontinuidade no fornecimento dos medicamentos excepcionais, exames, fisioterapia respirat\u00f3ria, orienta\u00e7\u00e3o e acompanhamento nutricional e outros procedimentos. &#8220;Den\u00fancias tamb\u00e9m constatadas durante procedimento administrativo instaurado pela Promotoria Coletiva de Defesa da Sa\u00fade, do Idoso e do Deficiente, com a participa\u00e7\u00e3o do nosso N\u00facleo&#8221;, ressalta Ramos.<\/span><\/p>\n<p style=\"text-align: justify;\"><span style=\"font-size: 14pt;\">Responsabilidades<\/span><\/p>\n<p style=\"text-align: justify;\"><span style=\"font-size: 14pt;\">Ao assinar o TAC, que pode ser executado contra qualquer uma das partes em caso de descumprimento, a secret\u00e1ria executiva estadual de sa\u00fade, Jacy Quintela, garantiu que o estado passar\u00e1 a fornecer, gratuitamente, mensalmente e sem interrup\u00e7\u00e3o, conforme prescri\u00e7\u00f5es m\u00e9dicas, enzimas: pancre\u00e1ticas; mucol\u00edtico: alfa-dornase; broncodilatadores: formoterol ou salmeterol; corticoster\u00f3ides orais: budesonida, fluticasona e ciclesonida; antibi\u00f3tico: colistina 1.000.000 (uso inalat\u00e1rio), linezolida (uso oral), tobramicina 300mg (inalat\u00f3rio); complica\u00e7\u00f5es hep\u00e1ticas: \u00c1cido ursodesoxic\u00f3lico, antiinflamat\u00f3rio: Montelucaste s\u00f3dico.<\/span><\/p>\n<p style=\"text-align: justify;\"><span style=\"font-size: 14pt;\">J\u00e1 o secret\u00e1rio municipal de Sa\u00fade, Jo\u00e3o Mac\u00e1rio, comprometeu-se a garantir o fornecimento de broncodilatadores: salbutamol xarope e fenoterol gotas; corticoster\u00f3ides: prednisona 5mg e 20mg comp, predinisolona e beclometasona spray; antiinflamat\u00f3rio: ibuprofeno 300mg comprimido; antibioticoterapia: ciprofloxacino 200mg cp, azitromicina 500mg cp, sulfametoxazol 400mg + trimetroprima 80mg cp e susp 4%+8%, eritromicina 250mg cp e susp 125mg\/5ml, amoxicilina 500mg c\u00e1psula e susp 250mg\/5ml, amoxicilina + clavulanato 500mg cap.e amoxicilina + clavulanato 250mg susp, cefalexina 500mg e cefalexina 250mg, gentamicina 80mg\/2ml, amicacina 500mg\/2ml; hipoglicemiantes: glibenclamida 5mg, metformina 500mg, insulinas NPH 100.000UI e regular, al\u00e9m de outros medicamentos como complexo vitam\u00ednico A, D, E e K, ranitidina 150mg comp e solu\u00e7\u00e3o salina hipert\u00f4nica.<\/span><\/p>\n<p style=\"text-align: justify;\"><span style=\"font-size: 14pt;\">Tamb\u00e9m fica por conta da Secretaria Municipal de Sa\u00fade, o fornecimento dos seguintes suplemntos nutricionais e formas l\u00e1cteas: para paciente diab\u00e9tico: Nutren diabetes e Diasip + Caseical + Resource TCM (dieta l\u00edquida); para pacientes lactentes: Pregomin e Peptamen jr (para maiores de 1 ano); para pacientes at\u00e9 02 anos: Caseical + Trigliceril CM com AGE + Resource dextrol e IsoSource 1,5 250ml (dieta l\u00edquida);para pacientes entre 02 e 08 anos: Nutren 1,0 250ml jr + Caseical + Resource TCM + Resource dextrol e Nutren 1,0 &#8211; 250ml(dieta l\u00edquida);para pacientes acima de 08 anos: Ensure com p\u00f3s + Caseical + Resource TCM e Nutren 1,0 &#8211; 250ml(dieta l\u00edquida);<\/span><\/p>\n<p style=\"text-align: justify;\"><span style=\"font-size: 14pt;\">Locais de atendimento<\/span><\/p>\n<p style=\"text-align: justify;\"><span style=\"font-size: 14pt;\">O atendimento multiprofissional ser\u00e1 realizado no Hospital Universit\u00e1rio, atrav\u00e9s do Ambulat\u00f3rio de Pneumologia Pedi\u00e1trica do Hospital Universit\u00e1rio Alberto Antunes, por m\u00e9dico (: pediatras especializados em pneumologia, gastroenterologia, endocrinologia, cirurgi\u00e3o pedi\u00e1trico e de t\u00f3rax); nutricionista; psic\u00f3logo; enfermeira, assistente social, microbiologista e biom\u00e9dico.A fisioterapia dever\u00e1 ser realizada no Hospital Escola Jos\u00e9 Carneiro e no ambulat\u00f3rio de fisioterapia do Centro de Estudos Superiores de Macei\u00f3 (Cesmac).Os exames de diagn\u00f3stico e complementares, no no Hospital Universit\u00e1rio e pelo LACEN (Laborat\u00f3rio Central de Sa\u00fade do Estado de Alagoas).<\/span><\/p>\n","protected":false},"excerpt":{"rendered":"<p> [&hellip;]<\/p>\n","protected":false},"author":5,"featured_media":12398,"comment_status":"open","ping_status":"open","sticky":false,"template":"","format":"standard","meta":{"om_disable_all_campaigns":false,"_monsterinsights_skip_tracking":false,"_monsterinsights_sitenote_active":false,"_monsterinsights_sitenote_note":"","_monsterinsights_sitenote_category":0,"_uf_show_specific_survey":0,"_uf_disable_surveys":false,"footnotes":""},"categories":[2],"tags":[],"class_list":["post-12397","post","type-post","status-publish","format-standard","has-post-thumbnail","hentry","category-not_mpal"],"aioseo_notices":[],"_links":{"self":[{"href":"https:\/\/www.mpal.mp.br\/index.php?rest_route=\/wp\/v2\/posts\/12397","targetHints":{"allow":["GET"]}}],"collection":[{"href":"https:\/\/www.mpal.mp.br\/index.php?rest_route=\/wp\/v2\/posts"}],"about":[{"href":"https:\/\/www.mpal.mp.br\/index.php?rest_route=\/wp\/v2\/types\/post"}],"author":[{"embeddable":true,"href":"https:\/\/www.mpal.mp.br\/index.php?rest_route=\/wp\/v2\/users\/5"}],"replies":[{"embeddable":true,"href":"https:\/\/www.mpal.mp.br\/index.php?rest_route=%2Fwp%2Fv2%2Fcomments&post=12397"}],"version-history":[{"count":1,"href":"https:\/\/www.mpal.mp.br\/index.php?rest_route=\/wp\/v2\/posts\/12397\/revisions"}],"predecessor-version":[{"id":12399,"href":"https:\/\/www.mpal.mp.br\/index.php?rest_route=\/wp\/v2\/posts\/12397\/revisions\/12399"}],"wp:featuredmedia":[{"embeddable":true,"href":"https:\/\/www.mpal.mp.br\/index.php?rest_route=\/wp\/v2\/media\/12398"}],"wp:attachment":[{"href":"https:\/\/www.mpal.mp.br\/index.php?rest_route=%2Fwp%2Fv2%2Fmedia&parent=12397"}],"wp:term":[{"taxonomy":"category","embeddable":true,"href":"https:\/\/www.mpal.mp.br\/index.php?rest_route=%2Fwp%2Fv2%2Fcategories&post=12397"},{"taxonomy":"post_tag","embeddable":true,"href":"https:\/\/www.mpal.mp.br\/index.php?rest_route=%2Fwp%2Fv2%2Ftags&post=12397"}],"curies":[{"name":"wp","href":"https:\/\/api.w.org\/{rel}","templated":true}]}}