{"id":12394,"date":"2006-05-18T11:51:43","date_gmt":"2006-05-18T14:51:43","guid":{"rendered":"https:\/\/www.mpal.mp.br\/?p=12394"},"modified":"2022-07-14T11:52:16","modified_gmt":"2022-07-14T14:52:16","slug":"merenda-justica-alagoana-determina-suspensao-de-contrato-irregular-nas-escolas-da-rede-municipal","status":"publish","type":"post","link":"https:\/\/www.mpal.mp.br\/?p=12394","title":{"rendered":"Merenda: Justi\u00e7a alagoana determina suspens\u00e3o de contrato irregular nas escolas da rede municipal"},"content":{"rendered":"<p style=\"text-align: justify;\"><span style=\"font-size: 14pt;\">A 14\u00aa Vara da Fazenda P\u00fablica Municipal determinou nesta quinta-feira (18\/05)a suspens\u00e3o imediata do contrato de terceiriza\u00e7\u00e3o da merenda escolar da rede p\u00fablica de Macei\u00f3, firmado com a empresa SP Alimenta\u00e7\u00e3o e Servi\u00e7os Ltda. A decis\u00e3o liminar (tutela antecipada) atende \u00e0 a\u00e7\u00e3o civil p\u00fablica proposta pelo Minist\u00e9rio P\u00fablico Estadual.<\/span><\/p>\n<p style=\"text-align: justify;\"><span style=\"font-size: 14pt;\">De acordo com a a\u00e7\u00e3o encaminhada pelos promotores de Justi\u00e7a Fernanda Moreira, Hamilton Carneiro e Marcus R\u00f4mulo Maia, da Promotoria Coletiva da Fazenda P\u00fablica Municipal, as irregularidades encontradas no contrato afrontam \u00e0 Lei de Licita\u00e7\u00f5es e Contratos Administrativos (Lei 8.666\/1993) e \u00e0 Lei de Responsabilidade Fiscal (LRF).<\/span><\/p>\n<p style=\"text-align: justify;\"><span style=\"font-size: 14pt;\">Os promotores de Justi\u00e7a fizeram quest\u00e3o de ressaltar que a Prefeitura de Macei\u00f3 n\u00e3o poder\u00e1 alegar, em sua defesa que a suspens\u00e3o do contrato acarretar\u00e1 em danos aos alunos, pois os recursos federais relativos a 2005 e a 2006 n\u00e3o foram utilizados, conforme declara\u00e7\u00e3o fornecida pelo Conselho de Alimenta\u00e7\u00e3o Escolar e FNDE.<\/span><\/p>\n<p style=\"text-align: justify;\"><span style=\"font-size: 14pt;\">\u201cSem falar na exist\u00eancia de recursos pr\u00f3prios munic\u00edpio, os quais podem ser empregados na remunera\u00e7\u00e3o da presta\u00e7\u00e3o da merenda escolar, enquanto pendente de decis\u00e3o de m\u00e9rito o presente processo\u201d, acrescentam os promotores de Justi\u00e7a.<\/span><\/p>\n<p style=\"text-align: justify;\"><span style=\"font-size: 14pt;\">Al\u00e9m de ingressar com a a\u00e7\u00e3o civil p\u00fablica , os promotores de Justi\u00e7a tamb\u00e9m encaminharam c\u00f3pias do procedimento administrativo e da pr\u00f3pria a\u00e7\u00e3o ao Tribunal de Contas de Alagoas e ao procurador-geral de Justi\u00e7a, Coaracy Fonseca, ao qual solicitaram que o caso seja encaminhado \u00e0 Promotoria Especializada em Crimes contra a Administra\u00e7\u00e3o P\u00fablica .<\/span><\/p>\n","protected":false},"excerpt":{"rendered":"<p> [&hellip;]<\/p>\n","protected":false},"author":5,"featured_media":12395,"comment_status":"open","ping_status":"open","sticky":false,"template":"","format":"standard","meta":{"om_disable_all_campaigns":false,"_monsterinsights_skip_tracking":false,"_monsterinsights_sitenote_active":false,"_monsterinsights_sitenote_note":"","_monsterinsights_sitenote_category":0,"_uf_show_specific_survey":0,"_uf_disable_surveys":false,"footnotes":""},"categories":[2],"tags":[],"class_list":["post-12394","post","type-post","status-publish","format-standard","has-post-thumbnail","hentry","category-not_mpal"],"aioseo_notices":[],"_links":{"self":[{"href":"https:\/\/www.mpal.mp.br\/index.php?rest_route=\/wp\/v2\/posts\/12394","targetHints":{"allow":["GET"]}}],"collection":[{"href":"https:\/\/www.mpal.mp.br\/index.php?rest_route=\/wp\/v2\/posts"}],"about":[{"href":"https:\/\/www.mpal.mp.br\/index.php?rest_route=\/wp\/v2\/types\/post"}],"author":[{"embeddable":true,"href":"https:\/\/www.mpal.mp.br\/index.php?rest_route=\/wp\/v2\/users\/5"}],"replies":[{"embeddable":true,"href":"https:\/\/www.mpal.mp.br\/index.php?rest_route=%2Fwp%2Fv2%2Fcomments&post=12394"}],"version-history":[{"count":1,"href":"https:\/\/www.mpal.mp.br\/index.php?rest_route=\/wp\/v2\/posts\/12394\/revisions"}],"predecessor-version":[{"id":12396,"href":"https:\/\/www.mpal.mp.br\/index.php?rest_route=\/wp\/v2\/posts\/12394\/revisions\/12396"}],"wp:featuredmedia":[{"embeddable":true,"href":"https:\/\/www.mpal.mp.br\/index.php?rest_route=\/wp\/v2\/media\/12395"}],"wp:attachment":[{"href":"https:\/\/www.mpal.mp.br\/index.php?rest_route=%2Fwp%2Fv2%2Fmedia&parent=12394"}],"wp:term":[{"taxonomy":"category","embeddable":true,"href":"https:\/\/www.mpal.mp.br\/index.php?rest_route=%2Fwp%2Fv2%2Fcategories&post=12394"},{"taxonomy":"post_tag","embeddable":true,"href":"https:\/\/www.mpal.mp.br\/index.php?rest_route=%2Fwp%2Fv2%2Ftags&post=12394"}],"curies":[{"name":"wp","href":"https:\/\/api.w.org\/{rel}","templated":true}]}}