{"id":12385,"date":"2006-05-22T11:46:53","date_gmt":"2006-05-22T14:46:53","guid":{"rendered":"https:\/\/www.mpal.mp.br\/?p=12385"},"modified":"2022-07-14T11:47:26","modified_gmt":"2022-07-14T14:47:26","slug":"direcao-da-paulo-neto-garante-ao-mp-que-leitos-obstetricios-voltam-a-funcionar-nesta-terca-feira","status":"publish","type":"post","link":"https:\/\/www.mpal.mp.br\/?p=12385","title":{"rendered":"Dire\u00e7\u00e3o da Paulo Neto garante ao MP que leitos obstetr\u00edcios voltam a funcionar nesta ter\u00e7a-feira"},"content":{"rendered":"<p style=\"text-align: justify;\"><span style=\"font-size: 14pt;\">Os 40 leitos obstetr\u00edcios da Unidade de Atendimento \u00e0 Mulher do Sanat\u00f3rio (antiga Maternidade Paulo Neto) voltam a funcionar nesta ter\u00e7a-feira (23\/05). De acordo com o promotor de Justi\u00e7a Ubirajara Ramos, a Dire\u00e7\u00e3o do hospital comunicou ao Minist\u00e9rio P\u00fablico alagoano que o local, atingido pelas \u00faltimas chuvas, foi recuperado.<\/span><\/p>\n<p style=\"text-align: justify;\"><span style=\"font-size: 14pt;\">Segundo o coordenador do N\u00facleo da Inf\u00e2ncia e Juventude, promotor de Justi\u00e7a Ubirajara Ramos, que est\u00e1 respondendo pela Promotoria de Justi\u00e7a da Sa\u00fade, a superlota\u00e7\u00e3o na Santa M\u00f4nica, registrada nos \u00faltimos dias, ocorreu pela falta de leitos de obstetr\u00edcia e n\u00e3o dos leitos de UTI neonatal.<\/span><\/p>\n<p style=\"text-align: justify;\"><span style=\"font-size: 14pt;\">\u201cAs gestantes de baixo risco tomaram o lugar das gestantes de alto risco, em fun\u00e7\u00e3o do fechamento dos 40 leitos da maternidade Paulo Neto\u201d, esclareceu Ramos. Ele ressaltou ainda que o estado tem leitos suficientes para obstetr\u00edcia. S\u00f3 em Macei\u00f3, h\u00e1 232 leitos, contando com os 40 da Paulo Neto.<\/span><\/p>\n<p style=\"text-align: justify;\"><span style=\"font-size: 14pt;\">J\u00e1 com rela\u00e7\u00e3o \u00e0 car\u00eancia de leitos UTI neonatal em todo o estado, o MP alagoano continua apurando as responsabilidades, atrav\u00e9s de inqu\u00e9rito civil p\u00fablico, com participa\u00e7\u00e3o dos Minist\u00e9rios P\u00fablicos Federal e do Trabalho. \u201cCom a interven\u00e7\u00e3o do MP, dez novos leitos j\u00e1 est\u00e3o funcionando em Arapiraca e oito, em Palmeira dos \u00cdndios, mas ainda faltam dez para o Hospital do A\u00e7\u00facar, cinco, para o Hospital Universit\u00e1rio e mais dois para Palmeira\u201d, informou o promotor de Justi\u00e7a.<\/span><\/p>\n","protected":false},"excerpt":{"rendered":"<p> [&hellip;]<\/p>\n","protected":false},"author":5,"featured_media":12386,"comment_status":"open","ping_status":"open","sticky":false,"template":"","format":"standard","meta":{"om_disable_all_campaigns":false,"_monsterinsights_skip_tracking":false,"_monsterinsights_sitenote_active":false,"_monsterinsights_sitenote_note":"","_monsterinsights_sitenote_category":0,"_uf_show_specific_survey":0,"_uf_disable_surveys":false,"footnotes":""},"categories":[2],"tags":[],"class_list":["post-12385","post","type-post","status-publish","format-standard","has-post-thumbnail","hentry","category-not_mpal"],"aioseo_notices":[],"_links":{"self":[{"href":"https:\/\/www.mpal.mp.br\/index.php?rest_route=\/wp\/v2\/posts\/12385","targetHints":{"allow":["GET"]}}],"collection":[{"href":"https:\/\/www.mpal.mp.br\/index.php?rest_route=\/wp\/v2\/posts"}],"about":[{"href":"https:\/\/www.mpal.mp.br\/index.php?rest_route=\/wp\/v2\/types\/post"}],"author":[{"embeddable":true,"href":"https:\/\/www.mpal.mp.br\/index.php?rest_route=\/wp\/v2\/users\/5"}],"replies":[{"embeddable":true,"href":"https:\/\/www.mpal.mp.br\/index.php?rest_route=%2Fwp%2Fv2%2Fcomments&post=12385"}],"version-history":[{"count":1,"href":"https:\/\/www.mpal.mp.br\/index.php?rest_route=\/wp\/v2\/posts\/12385\/revisions"}],"predecessor-version":[{"id":12387,"href":"https:\/\/www.mpal.mp.br\/index.php?rest_route=\/wp\/v2\/posts\/12385\/revisions\/12387"}],"wp:featuredmedia":[{"embeddable":true,"href":"https:\/\/www.mpal.mp.br\/index.php?rest_route=\/wp\/v2\/media\/12386"}],"wp:attachment":[{"href":"https:\/\/www.mpal.mp.br\/index.php?rest_route=%2Fwp%2Fv2%2Fmedia&parent=12385"}],"wp:term":[{"taxonomy":"category","embeddable":true,"href":"https:\/\/www.mpal.mp.br\/index.php?rest_route=%2Fwp%2Fv2%2Fcategories&post=12385"},{"taxonomy":"post_tag","embeddable":true,"href":"https:\/\/www.mpal.mp.br\/index.php?rest_route=%2Fwp%2Fv2%2Ftags&post=12385"}],"curies":[{"name":"wp","href":"https:\/\/api.w.org\/{rel}","templated":true}]}}