{"id":12376,"date":"2006-06-06T11:38:04","date_gmt":"2006-06-06T14:38:04","guid":{"rendered":"https:\/\/www.mpal.mp.br\/?p=12376"},"modified":"2022-07-14T11:38:40","modified_gmt":"2022-07-14T14:38:40","slug":"uti-neonatal-diretores-do-hospital-do-acucar-prestam-esclarecimentos-ao-ministerio-publico-de-alagoas","status":"publish","type":"post","link":"https:\/\/www.mpal.mp.br\/?p=12376","title":{"rendered":"UTI neonatal: diretores do Hospital do A\u00e7\u00facar prestam esclarecimentos ao Minist\u00e9rio P\u00fablico de Alagoas"},"content":{"rendered":"<p style=\"text-align: justify;\"><span style=\"font-size: 14pt;\">Diretores do Hospital do A\u00e7\u00facar confirmaram em depoimento ao Minist\u00e9rio P\u00fablico de Alagoas, nesta ter\u00e7a-feira (06\/06), que j\u00e1 receberam verbas repassadas pelas Secretarias Municipal e Estadual de Sa\u00fade para a instala\u00e7\u00e3o de dez leitos de UTI neonatal e do Centro Obst\u00e9trico, mas o valor repassado foi insuficiente para conclus\u00e3o das obras e ainda faltam recursos para aquisi\u00e7\u00e3o de equipamentos e utens\u00edlios.<\/span><\/p>\n<p style=\"text-align: justify;\"><span style=\"font-size: 14pt;\">Acompanhado pelo diretor m\u00e9dico, Teot\u00f4nio Correia, o diretor financeiro do hospital, Carlos Ronaldo Melro, esclareceu ao promotor de Justi\u00e7a Ubirajara Ramos que as duas Secretarias de Sa\u00fade repassaram R$ 300 mil para a obra, mas um incidente \u2013 o desabamento da coberta do Centro de Obstetr\u00edcia \u2013 acabou gerando mais despesa e atrasando os trabalhos. Por isso, segundo o depoimento, foi solicitado um refor\u00e7o de mais R$ 100 mil, atendido pela Secretaria Estadual de Sa\u00fade.<\/span><\/p>\n<p style=\"text-align: justify;\"><span style=\"font-size: 14pt;\">Os diretores esclareceram ainda que a verba repassada &#8211; total de R$ 400 mil \u2013n\u00e3o foi doa\u00e7\u00e3o das Secretarias. \u201cO hospital recebeu os recursos como parte de servi\u00e7os prestados e n\u00e3o recebidos aos usu\u00e1rios do SUS\u201d, enfatizaram.<\/span><\/p>\n<p style=\"text-align: justify;\"><span style=\"font-size: 14pt;\">Tamb\u00e9m informaram ao MP que a verba garantiu apenas a realiza\u00e7\u00e3o de 80% das obras f\u00edsicas, mas n\u00e3o h\u00e1 recursos para conclus\u00e3o. Outro empecilho para o funcionamento da UTI neonatal \u00e9 o alto custo dos equipamentos \u2013 um total de R$ 1 milh\u00e3o e 500 mil. A verba, segundo os diretores j\u00e1 foi solicitada em projeto encaminhado pela Secretaria Estadual de Sa\u00fade ao Minist\u00e9rio da Sa\u00fade, que est\u00e1 em an\u00e1lise.<\/span><\/p>\n<p style=\"text-align: justify;\"><span style=\"font-size: 14pt;\">Na pr\u00f3xima semana, o promotor de Justi\u00e7a Ubirajara Ramos vai agendar reuni\u00e3o com integrantes do Minist\u00e9rio P\u00fablico Federal para decidir se caber\u00e1 a\u00e7\u00e3o civil p\u00fablica contra o Munic\u00edpio, o Estado e a Uni\u00e3o no caso em quest\u00e3o.<\/span><\/p>\n","protected":false},"excerpt":{"rendered":"<p> [&hellip;]<\/p>\n","protected":false},"author":5,"featured_media":12377,"comment_status":"open","ping_status":"open","sticky":false,"template":"","format":"standard","meta":{"om_disable_all_campaigns":false,"_monsterinsights_skip_tracking":false,"_monsterinsights_sitenote_active":false,"_monsterinsights_sitenote_note":"","_monsterinsights_sitenote_category":0,"_uf_show_specific_survey":0,"_uf_disable_surveys":false,"footnotes":""},"categories":[2],"tags":[],"class_list":["post-12376","post","type-post","status-publish","format-standard","has-post-thumbnail","hentry","category-not_mpal"],"aioseo_notices":[],"_links":{"self":[{"href":"https:\/\/www.mpal.mp.br\/index.php?rest_route=\/wp\/v2\/posts\/12376","targetHints":{"allow":["GET"]}}],"collection":[{"href":"https:\/\/www.mpal.mp.br\/index.php?rest_route=\/wp\/v2\/posts"}],"about":[{"href":"https:\/\/www.mpal.mp.br\/index.php?rest_route=\/wp\/v2\/types\/post"}],"author":[{"embeddable":true,"href":"https:\/\/www.mpal.mp.br\/index.php?rest_route=\/wp\/v2\/users\/5"}],"replies":[{"embeddable":true,"href":"https:\/\/www.mpal.mp.br\/index.php?rest_route=%2Fwp%2Fv2%2Fcomments&post=12376"}],"version-history":[{"count":1,"href":"https:\/\/www.mpal.mp.br\/index.php?rest_route=\/wp\/v2\/posts\/12376\/revisions"}],"predecessor-version":[{"id":12378,"href":"https:\/\/www.mpal.mp.br\/index.php?rest_route=\/wp\/v2\/posts\/12376\/revisions\/12378"}],"wp:featuredmedia":[{"embeddable":true,"href":"https:\/\/www.mpal.mp.br\/index.php?rest_route=\/wp\/v2\/media\/12377"}],"wp:attachment":[{"href":"https:\/\/www.mpal.mp.br\/index.php?rest_route=%2Fwp%2Fv2%2Fmedia&parent=12376"}],"wp:term":[{"taxonomy":"category","embeddable":true,"href":"https:\/\/www.mpal.mp.br\/index.php?rest_route=%2Fwp%2Fv2%2Fcategories&post=12376"},{"taxonomy":"post_tag","embeddable":true,"href":"https:\/\/www.mpal.mp.br\/index.php?rest_route=%2Fwp%2Fv2%2Ftags&post=12376"}],"curies":[{"name":"wp","href":"https:\/\/api.w.org\/{rel}","templated":true}]}}