{"id":12370,"date":"2006-06-09T11:36:14","date_gmt":"2006-06-09T14:36:14","guid":{"rendered":"https:\/\/www.mpal.mp.br\/?p=12370"},"modified":"2022-07-14T11:36:46","modified_gmt":"2022-07-14T14:36:46","slug":"mp-denuncia-estado-para-garantir-distribuicao-do-hormonio-do-crescimento","status":"publish","type":"post","link":"https:\/\/www.mpal.mp.br\/?p=12370","title":{"rendered":"MP denuncia Estado para garantir distribui\u00e7\u00e3o do \u201chorm\u00f4nio do crescimento\u201d"},"content":{"rendered":"<p style=\"text-align: justify;\"><span style=\"font-size: 14pt;\">O Minist\u00e9rio P\u00fablico de Alagoas entrou com a\u00e7\u00e3o civil p\u00fablica contra o Estado nesta sexta-feira (9\/6) para garantir a distribui\u00e7\u00e3o do \u201chorm\u00f4nio do crescimento\u201d (somatropina recombinante humana 4u\/ml), cuja falta na Central de Abastecimento Farmac\u00eautico do Estado de Alagoas vem prejudicando crian\u00e7as e adolescentes em tratamento.<\/span><\/p>\n<p style=\"text-align: justify;\"><span style=\"font-size: 14pt;\">Na a\u00e7\u00e3o, os promotores de Justi\u00e7a Lu\u00eds Medeiros, da 2\u00aa Promotoria da Inf\u00e2ncia e da Juventude da Capital, e Ubirajara Ramos, coordenador do N\u00facleo de Defesa da Inf\u00e2ncia e da Juventude, denunciam o descaso do poder p\u00fablico estadual na aten\u00e7\u00e3o e tratamento de crian\u00e7as e adolescentes, que, se n\u00e3o devidamente medicados a tempo, poder\u00e3o sofrer seq\u00fcelas irrevers\u00edveis ao seu desenvolvimento. A decis\u00e3o do MP alagoano teve como base den\u00fancias de pais de 12 portadores de defici\u00eancia do horm\u00f4nio do crescimento.<\/span><\/p>\n<p style=\"text-align: justify;\"><span style=\"font-size: 14pt;\">\u201c\u00c9 oportuno lembrar que a\u00e7\u00e3o semelhante j\u00e1 foi proprosta pelo Minist\u00e9rio P\u00fablico para resguardar a garantia do fornecimento do medicamento citado a outra crian\u00e7a acometida do mesmo mal, em que a sensibilidade do magistrado julgador resultou na concess\u00e3o da medida liminar, com estabelecimento de multa no valor de R$ 5mil di\u00e1ria em caso de descumprimento\u201d, destacam os representantes do MP. Se for considerada procedente, a a\u00e7\u00e3o poder\u00e1 beneficiar todos os usu\u00e1rios do medicamento.<\/span><\/p>\n<p style=\"text-align: justify;\"><span style=\"font-size: 14pt;\">De acordo com os promotores de Justi\u00e7a, a Secretaria Estadual de Sa\u00fade do Estado de Alagoas foi devidamente informada, por diversas vezes, com rela\u00e7\u00e3o \u00e0 falta do medicamento para tomar as provid\u00eancias cab\u00edveis, mas \u201cpermaneceu inerte, n\u00e3o enviando sequer informa\u00e7\u00f5es para este \u00f3rg\u00e3o (MP), demonstrando assim sua indiferen\u00e7a para com a sa\u00fade das crian\u00e7as e adolescentes, destinat\u00e1rios da presente a\u00e7\u00e3o\u201d, ressaltam.<\/span><\/p>\n","protected":false},"excerpt":{"rendered":"<p> [&hellip;]<\/p>\n","protected":false},"author":5,"featured_media":12371,"comment_status":"open","ping_status":"open","sticky":false,"template":"","format":"standard","meta":{"om_disable_all_campaigns":false,"_monsterinsights_skip_tracking":false,"_monsterinsights_sitenote_active":false,"_monsterinsights_sitenote_note":"","_monsterinsights_sitenote_category":0,"_uf_show_specific_survey":0,"_uf_disable_surveys":false,"footnotes":""},"categories":[2],"tags":[],"class_list":["post-12370","post","type-post","status-publish","format-standard","has-post-thumbnail","hentry","category-not_mpal"],"aioseo_notices":[],"_links":{"self":[{"href":"https:\/\/www.mpal.mp.br\/index.php?rest_route=\/wp\/v2\/posts\/12370","targetHints":{"allow":["GET"]}}],"collection":[{"href":"https:\/\/www.mpal.mp.br\/index.php?rest_route=\/wp\/v2\/posts"}],"about":[{"href":"https:\/\/www.mpal.mp.br\/index.php?rest_route=\/wp\/v2\/types\/post"}],"author":[{"embeddable":true,"href":"https:\/\/www.mpal.mp.br\/index.php?rest_route=\/wp\/v2\/users\/5"}],"replies":[{"embeddable":true,"href":"https:\/\/www.mpal.mp.br\/index.php?rest_route=%2Fwp%2Fv2%2Fcomments&post=12370"}],"version-history":[{"count":1,"href":"https:\/\/www.mpal.mp.br\/index.php?rest_route=\/wp\/v2\/posts\/12370\/revisions"}],"predecessor-version":[{"id":12372,"href":"https:\/\/www.mpal.mp.br\/index.php?rest_route=\/wp\/v2\/posts\/12370\/revisions\/12372"}],"wp:featuredmedia":[{"embeddable":true,"href":"https:\/\/www.mpal.mp.br\/index.php?rest_route=\/wp\/v2\/media\/12371"}],"wp:attachment":[{"href":"https:\/\/www.mpal.mp.br\/index.php?rest_route=%2Fwp%2Fv2%2Fmedia&parent=12370"}],"wp:term":[{"taxonomy":"category","embeddable":true,"href":"https:\/\/www.mpal.mp.br\/index.php?rest_route=%2Fwp%2Fv2%2Fcategories&post=12370"},{"taxonomy":"post_tag","embeddable":true,"href":"https:\/\/www.mpal.mp.br\/index.php?rest_route=%2Fwp%2Fv2%2Ftags&post=12370"}],"curies":[{"name":"wp","href":"https:\/\/api.w.org\/{rel}","templated":true}]}}