{"id":12286,"date":"2007-09-27T11:15:49","date_gmt":"2007-09-27T14:15:49","guid":{"rendered":"https:\/\/www.mpal.mp.br\/?p=12286"},"modified":"2022-07-13T11:16:05","modified_gmt":"2022-07-13T14:16:05","slug":"forca-tarefa-para-o-combate-a-dengue-comeca-a-atuar-nesta-sexta-feira","status":"publish","type":"post","link":"https:\/\/www.mpal.mp.br\/?p=12286","title":{"rendered":"For\u00e7a-tarefa para o combate \u00e0 dengue come\u00e7a a atuar nesta sexta-feira"},"content":{"rendered":"<p style=\"text-align: justify;\"><span style=\"font-size: 14pt;\">O Minist\u00e9rio P\u00fablico de Alagoas, a Secretaria Municipal de Sa\u00fade, o Centro de Controle de Zoonoses (CCZ) e o Ex\u00e9rcito Brasileiro deflagram amanh\u00e3 (28\/9) uma ampla campanha, com o objetivo de combater a dengue no munic\u00edpio de Macei\u00f3. As equipes v\u00e3o sair da sede do Ex\u00e9rcito, \u00e0s 8 horas, em dire\u00e7\u00e3o aos bairros da Pitanguinha e do Farol.<\/span><\/p>\n<p style=\"text-align: justify;\"><span style=\"font-size: 14pt;\">De acordo com as promotoras de Justi\u00e7a Cec\u00edlia Carna\u00faba, Dalva Ten\u00f3rio e Micheline Ten\u00f3rio, durante a campanha emergencial, que deve se manter por quatro semanas, 50 integrantes do Ex\u00e9rcito, 30 policiais militares e 30 militares do Corpo de Bombeiros v\u00e3o refor\u00e7ar o trabalho dos agentes de Sa\u00fade. Equipe da Slum tamb\u00e9m vai apoiar a campanha, garantindo a limpeza dos terrenos baldios e encostas de vias p\u00fablicas.<\/span><\/p>\n<p style=\"text-align: justify;\"><span style=\"font-size: 14pt;\">Durante reuni\u00e3o no in\u00edcio da tarde desta quinta-feira, com as promotoras de Justi\u00e7a, o secret\u00e1rio Municipal de Sa\u00fade, Th\u00e9o Fortes, e o diretor do CCZ, Carlos Eduardo da Silva, o presidente do Sindicato dos Agentes de Sa\u00fade, Fernando C\u00e2ndido, garantiu que a categoria vai participar da campanha at\u00e9 a quarta-feira. No entanto, segundo ele, com a garantia do apoio e participa\u00e7\u00e3o do Minist\u00e9rio P\u00fablico, na assembl\u00e9ia da categoria, na pr\u00f3xima ter\u00e7a-feira, poder\u00e1 haver avan\u00e7os nas negocia\u00e7\u00f5es. \u201cVamos buscar juntos uma sa\u00edda para nossa efetiva\u00e7\u00e3o\u201d, afirmou Fernando.<\/span><\/p>\n<p style=\"text-align: justify;\"><span style=\"font-size: 14pt;\">As a\u00e7\u00f5es de combate \u00e0 dengue fazem parte de um plano de a\u00e7\u00e3o elaborado ap\u00f3s procedimento administrativo instaurado, no final de julho, no MP de Alagoas. O objetivo \u00e9 buscar o apoio dos moradores resistentes \u00e0 entrada dos agentes de sa\u00fade em suas resid\u00eancias, bem como de ter acesso a im\u00f3veis fechados e terrenos baldios, locais prop\u00edcios aos focos de reprodu\u00e7\u00e3o do Aedes aegypti, mosquito transmissor da dengue. \u201cA popula\u00e7\u00e3o deve ligar para 3315-5457, telefone do CCZ, e tirar d\u00favidas ou informar sobre focos do mosquito\u201d, informaram as promotoras de Justi\u00e7a.<\/span><\/p>\n<p style=\"text-align: justify;\"><span style=\"font-size: 14pt;\">Sobre a dengue<\/span><\/p>\n<p style=\"text-align: justify;\"><span style=\"font-size: 14pt;\">Segundo o Minist\u00e9rio da Sa\u00fade, o grande problema para combater o mosquito Aedes aegypti \u00e9 que sua reprodu\u00e7\u00e3o ocorre em qualquer recipiente utilizado para armazenar \u00e1gua, tanto em \u00e1reas sombrias como ensolaradas. Por isso, a preven\u00e7\u00e3o e as medidas de combate exigem a participa\u00e7\u00e3o e a mobiliza\u00e7\u00e3o de toda a comunidade, desde a ado\u00e7\u00e3o de medidas simples at\u00e9 a permiss\u00e3o de agentes de sa\u00fade nos im\u00f3veis e terrenos baldios.<\/span><\/p>\n<p style=\"text-align: justify;\"><span style=\"font-size: 14pt;\">O mosquito da dengue costuma picar nas primeiras horas da manh\u00e3 e nas \u00faltimas da tarde, evitando o sol forte, mas, mesmo nas horas quentes, ele pode atacar \u00e0 sombra, dentro ou fora de casa.<\/span><\/p>\n<p style=\"text-align: justify;\"><span style=\"font-size: 14pt;\">Os sintomas se manifestam a partir do terceiro dia, ap\u00f3s a picada do mosquito. O tempo m\u00e9dio do ciclo \u00e9 de 5 a 6 dias. \u00c9 depois desse per\u00edodo que os sintomas aparecem.<\/span><\/p>\n<p style=\"text-align: justify;\"><span style=\"font-size: 14pt;\">Existem duas formas de dengue: a cl\u00e1ssica e a hemorr\u00e1gica. A dengue cl\u00e1ssica apresenta-se geralmente com febre, dor de cabe\u00e7a, no corpo, nas articula\u00e7\u00f5es e por tr\u00e1s dos olhos, podendo afetar crian\u00e7as e adultos, mas raramente mata.<\/span><\/p>\n<p style=\"text-align: justify;\"><span style=\"font-size: 14pt;\">A dengue hemorr\u00e1gica \u00e9 a forma mais severa da doen\u00e7a, pois al\u00e9m dos sintomas citados, \u00e9 poss\u00edvel ocorrer sangramento, ocasionalmente choque e conseq\u00fc\u00eancias como a morte.<\/span><\/p>\n<p style=\"text-align: justify;\"><span style=\"font-size: 14pt;\">Confira as dicas do Minist\u00e9rio da Sa\u00fade acessando o link<\/span><\/p>\n<p style=\"text-align: justify;\"><span style=\"font-size: 14pt;\">http:\/\/portal.saude.gov.br\/portal\/saude\/area.cfm?id_area=920<\/span><\/p>\n","protected":false},"excerpt":{"rendered":"<p> [&hellip;]<\/p>\n","protected":false},"author":2,"featured_media":12287,"comment_status":"open","ping_status":"open","sticky":false,"template":"","format":"standard","meta":{"om_disable_all_campaigns":false,"_monsterinsights_skip_tracking":false,"_monsterinsights_sitenote_active":false,"_monsterinsights_sitenote_note":"","_monsterinsights_sitenote_category":0,"_uf_show_specific_survey":0,"_uf_disable_surveys":false,"footnotes":""},"categories":[2],"tags":[],"class_list":["post-12286","post","type-post","status-publish","format-standard","has-post-thumbnail","hentry","category-not_mpal"],"aioseo_notices":[],"_links":{"self":[{"href":"https:\/\/www.mpal.mp.br\/index.php?rest_route=\/wp\/v2\/posts\/12286","targetHints":{"allow":["GET"]}}],"collection":[{"href":"https:\/\/www.mpal.mp.br\/index.php?rest_route=\/wp\/v2\/posts"}],"about":[{"href":"https:\/\/www.mpal.mp.br\/index.php?rest_route=\/wp\/v2\/types\/post"}],"author":[{"embeddable":true,"href":"https:\/\/www.mpal.mp.br\/index.php?rest_route=\/wp\/v2\/users\/2"}],"replies":[{"embeddable":true,"href":"https:\/\/www.mpal.mp.br\/index.php?rest_route=%2Fwp%2Fv2%2Fcomments&post=12286"}],"version-history":[{"count":1,"href":"https:\/\/www.mpal.mp.br\/index.php?rest_route=\/wp\/v2\/posts\/12286\/revisions"}],"predecessor-version":[{"id":12288,"href":"https:\/\/www.mpal.mp.br\/index.php?rest_route=\/wp\/v2\/posts\/12286\/revisions\/12288"}],"wp:featuredmedia":[{"embeddable":true,"href":"https:\/\/www.mpal.mp.br\/index.php?rest_route=\/wp\/v2\/media\/12287"}],"wp:attachment":[{"href":"https:\/\/www.mpal.mp.br\/index.php?rest_route=%2Fwp%2Fv2%2Fmedia&parent=12286"}],"wp:term":[{"taxonomy":"category","embeddable":true,"href":"https:\/\/www.mpal.mp.br\/index.php?rest_route=%2Fwp%2Fv2%2Fcategories&post=12286"},{"taxonomy":"post_tag","embeddable":true,"href":"https:\/\/www.mpal.mp.br\/index.php?rest_route=%2Fwp%2Fv2%2Ftags&post=12286"}],"curies":[{"name":"wp","href":"https:\/\/api.w.org\/{rel}","templated":true}]}}