{"id":12283,"date":"2007-09-25T11:14:18","date_gmt":"2007-09-25T14:14:18","guid":{"rendered":"https:\/\/www.mpal.mp.br\/?p=12283"},"modified":"2022-07-13T11:15:04","modified_gmt":"2022-07-13T14:15:04","slug":"mp-cobra-solucao-do-estado-para-greve-de-nivel-medio-na-educacao","status":"publish","type":"post","link":"https:\/\/www.mpal.mp.br\/?p=12283","title":{"rendered":"MP cobra solu\u00e7\u00e3o do Estado para greve de n\u00edvel m\u00e9dio na Educa\u00e7\u00e3o"},"content":{"rendered":"<p style=\"text-align: justify;\"><span style=\"font-size: 14pt;\">O Minist\u00e9rio P\u00fablico Estadual quer que o governo Estado retire da folha da Educa\u00e7\u00e3o o pagamento de sal\u00e1rios com os funcion\u00e1rios da Uncisal, IZP e Uneal \u2013 \u00f3rg\u00e3os que n\u00e3o est\u00e3o vinculados diretamente a outras pastas e trabalham com categoria de n\u00edvel superior. A inten\u00e7\u00e3o \u00e9 garantir a aplica\u00e7\u00e3o legal dos recursos da Educa\u00e7\u00e3o nas \u00e1reas de ensino m\u00e9dio e fundamental.Outra meta do MP \u00e9 retirar os aposentados da folha da Educa\u00e7\u00e3o, j\u00e1 que representa cerca de 60% do valor total da mesma.<\/span><\/p>\n<p style=\"text-align: justify;\"><span style=\"font-size: 14pt;\">\u201cVamos discutir essas sugest\u00f5es em uma reuni\u00e3o ampliada, com a participa\u00e7\u00e3o dos secret\u00e1rios de Gest\u00e3o P\u00fablica, Adriano Soares, com secret\u00e1rio do Planejamento, S\u00e9rgio Moreira, para aprofundar essas quest\u00f5es\u201d, afirmou a promotora de Justi\u00e7a Cec\u00edlia Carna\u00faba, da Promotoria da Fazenda P\u00fablica Estadual. Segundo ela, os gastos com os servidores desses tr\u00eas \u00f3rg\u00e3os geram um impacto anual de aproximadamente R$ 18 milh\u00f5es na folha da Educa\u00e7\u00e3o.<\/span><\/p>\n<p style=\"text-align: justify;\"><span style=\"font-size: 14pt;\">As alternativas para a crise na Educa\u00e7\u00e3o foram discutidas hoje \u00e0 tarde, na sede da Procuradoria-Geral de Justi\u00e7a, em mais uma rodada de negocia\u00e7\u00e3o o MP Estadual, o secret\u00e1rio estadual de Educa\u00e7\u00e3o, F\u00e1bio Farias, a presidente do Sindicato dos Trabalhadores da Educa\u00e7\u00e3o (Sinteal), Girlene L\u00e1zaro, e o professor Milton Canuto, secret\u00e1rio da Confedera\u00e7\u00e3o Nacional dos Trabalhadores da Educa\u00e7\u00e3o. A reuni\u00e3o contou ainda com a presen\u00e7a da promotora de Justi\u00e7a Dalva Ten\u00f3rio.<\/span><\/p>\n<p style=\"text-align: justify;\"><span style=\"font-size: 14pt;\">A preocupa\u00e7\u00e3o da promotora Cec\u00edlia Carna\u00faba \u00e9 com o preju\u00edzo que a comunidade estudantil est\u00e1 tendo com a greve dos servidores de n\u00edvel m\u00e9dio da Educa\u00e7\u00e3o. A categoria est\u00e1 h\u00e1 13 dias com suas atividades paralisadas, cobrando do governo o enquadramento do Plano de Cargos e Carreira (PCC). \u201cN\u00f3s temos que encontrar uma solu\u00e7\u00e3o urgente para essa greve, para n\u00e3o prejudicar ainda mais os alunos de muitas escolas, que est\u00e3o sem funcionar por falta de pessoal\u201d, afirmou Cec\u00edlia.<\/span><\/p>\n<p style=\"text-align: justify;\"><span style=\"font-size: 14pt;\">Para a promotora, al\u00e9m da quest\u00e3o do reajuste salarial, o problema s\u00f3 ser\u00e1 resolvido com a contrata\u00e7\u00e3o dos professores e demais servidores de apoio aprovados no \u00faltimo concurso p\u00fablico da Educa\u00e7\u00e3o, cuja validade estar\u00e1 vencendo no pr\u00f3ximo m\u00eas de novembro. No entanto, com as informa\u00e7\u00f5es passadas pelo secret\u00e1rio F\u00e1bio Farias, de que a Secretaria de Educa\u00e7\u00e3o n\u00e3o tem como arcar com o impacto do reajuste dos servidores, a nomea\u00e7\u00e3o desse pessoal fica cada vez mais dif\u00edcil.<\/span><\/p>\n<p style=\"text-align: justify;\"><span style=\"font-size: 14pt;\">Na opini\u00e3o do professor Milton Canuto, a \u00fanica sa\u00edda para o impasse \u00e9 a retirada paulatina dos gastos com os inativos da folha de pagamento da Educa\u00e7\u00e3o, al\u00e9m das transfer\u00eancias das despesas com pessoal do Uncisal, Uneal e IZP para as pastas vinculadas as esses \u00f3rg\u00e3os, a exemplo das secretarias estaduais de Sa\u00fade e da Comunica\u00e7\u00e3o. \u201cOu o governo do Estado resolve a quest\u00e3o dos aposentados o quanto antes ou n\u00f3s termos um rombo superior a R$ 60 milh\u00f5es nos gastos com a Educa\u00e7\u00e3o a partir de 2008\u201d, afirmou Canuto.<\/span><\/p>\n","protected":false},"excerpt":{"rendered":"<p> [&hellip;]<\/p>\n","protected":false},"author":2,"featured_media":12284,"comment_status":"open","ping_status":"open","sticky":false,"template":"","format":"standard","meta":{"om_disable_all_campaigns":false,"_monsterinsights_skip_tracking":false,"_monsterinsights_sitenote_active":false,"_monsterinsights_sitenote_note":"","_monsterinsights_sitenote_category":0,"_uf_show_specific_survey":0,"_uf_disable_surveys":false,"footnotes":""},"categories":[2],"tags":[],"class_list":["post-12283","post","type-post","status-publish","format-standard","has-post-thumbnail","hentry","category-not_mpal"],"aioseo_notices":[],"_links":{"self":[{"href":"https:\/\/www.mpal.mp.br\/index.php?rest_route=\/wp\/v2\/posts\/12283","targetHints":{"allow":["GET"]}}],"collection":[{"href":"https:\/\/www.mpal.mp.br\/index.php?rest_route=\/wp\/v2\/posts"}],"about":[{"href":"https:\/\/www.mpal.mp.br\/index.php?rest_route=\/wp\/v2\/types\/post"}],"author":[{"embeddable":true,"href":"https:\/\/www.mpal.mp.br\/index.php?rest_route=\/wp\/v2\/users\/2"}],"replies":[{"embeddable":true,"href":"https:\/\/www.mpal.mp.br\/index.php?rest_route=%2Fwp%2Fv2%2Fcomments&post=12283"}],"version-history":[{"count":1,"href":"https:\/\/www.mpal.mp.br\/index.php?rest_route=\/wp\/v2\/posts\/12283\/revisions"}],"predecessor-version":[{"id":12285,"href":"https:\/\/www.mpal.mp.br\/index.php?rest_route=\/wp\/v2\/posts\/12283\/revisions\/12285"}],"wp:featuredmedia":[{"embeddable":true,"href":"https:\/\/www.mpal.mp.br\/index.php?rest_route=\/wp\/v2\/media\/12284"}],"wp:attachment":[{"href":"https:\/\/www.mpal.mp.br\/index.php?rest_route=%2Fwp%2Fv2%2Fmedia&parent=12283"}],"wp:term":[{"taxonomy":"category","embeddable":true,"href":"https:\/\/www.mpal.mp.br\/index.php?rest_route=%2Fwp%2Fv2%2Fcategories&post=12283"},{"taxonomy":"post_tag","embeddable":true,"href":"https:\/\/www.mpal.mp.br\/index.php?rest_route=%2Fwp%2Fv2%2Ftags&post=12283"}],"curies":[{"name":"wp","href":"https:\/\/api.w.org\/{rel}","templated":true}]}}