{"id":12277,"date":"2007-09-17T11:12:55","date_gmt":"2007-09-17T14:12:55","guid":{"rendered":"https:\/\/www.mpal.mp.br\/?p=12277"},"modified":"2022-07-13T11:13:43","modified_gmt":"2022-07-13T14:13:43","slug":"forca-tarefa-de-combate-a-dengue-comeca-a-atuar-dia-28-de-setembro","status":"publish","type":"post","link":"https:\/\/www.mpal.mp.br\/?p=12277","title":{"rendered":"For\u00e7a-Tarefa de combate \u00e0 dengue come\u00e7a a atuar dia 28 de setembro"},"content":{"rendered":"<p style=\"text-align: justify;\"><span style=\"font-size: 14pt;\">O Minist\u00e9rio P\u00fablico de Alagoas, juntamente com a Secretaria Municipal de Sa\u00fade, Centro de Controle de Zoonoses (CCZ) e Ex\u00e9rcito Brasileiro, por meio do 59\u00ba Bimtz, decidiu, durante reuni\u00e3o realizada nesta segunda-feira, iniciar uma ampla campanha, no dia 28 de setembro, com o objetivo de combater a dengue no munic\u00edpio de Macei\u00f3.<\/span><\/p>\n<p style=\"text-align: justify;\"><span style=\"font-size: 14pt;\">A a\u00e7\u00e3o visa tamb\u00e9m solucionar o problema dos im\u00f3veis abandonados e fechados que dificultam a a\u00e7\u00e3o dos agentes de endemias, al\u00e9m dos im\u00f3veis que os donos recusaram a entrada dos agentes e bairros.<\/span><\/p>\n<p style=\"text-align: justify;\"><span style=\"font-size: 14pt;\">De acordo com as promotoras de Justi\u00e7a Cec\u00edlia Carna\u00faba, Dalva Ten\u00f3rio e Micheline Ten\u00f3rio, uma For\u00e7a-Tarefa deve atuar, inicialmente, nos bairros do Farol e da Pitanguinha. \u201cFixamos prazo de dez dias para que CCZ nos envie a lista de edif\u00edcios em constru\u00e7\u00e3o e dos condom\u00ednios onde a entrada dos agentes de endemias foi vetada pelos s\u00edndicos ou por cond\u00f4minos\u201d, afirmaram as promotoras de Justi\u00e7a.<\/span><\/p>\n<p style=\"text-align: justify;\"><span style=\"font-size: 14pt;\">Durante a reuni\u00e3o ficou determinado que o Ex\u00e9rcito vai auxiliar o trabalho dos agentes comunit\u00e1rios de sa\u00fade para dar maior efetividade ao combate \u00e0 endemia da dengue. A capacita\u00e7\u00e3o dos militares cedidos pelo Ex\u00e9rcito vai ser realizada pelo CCZ, na sexta-feira (21\/9).<\/span><\/p>\n<p style=\"text-align: justify;\"><span style=\"font-size: 14pt;\">O Minist\u00e9rio P\u00fablico comprometeu-se a divulgar as a\u00e7\u00f5es planejadas, com o objetivo de possibilitar uma melhor aceita\u00e7\u00e3o da popula\u00e7\u00e3o. \u201cTamb\u00e9m vamos impulsionar os diretores de escolas para que destinem um dia do ano letivo para a correta educa\u00e7\u00e3o do alunado\u201d, acrescentou Cec\u00edlia Carna\u00faba.<\/span><\/p>\n<p style=\"text-align: justify;\"><span style=\"font-size: 14pt;\">Na reuni\u00e3o tamb\u00e9m ficou decidido que o diretor da Secretaria Municipal de Sa\u00fade, Ednaldo Balbino, entrar\u00e1 em contato com o Diretor da SMCCU para que seja viabilizada a limpeza dos terrenos situados na \u00e1rea urbana do munic\u00edpio, intimando os propriet\u00e1rios para mur\u00e1-los, conforme determina o C\u00f3digo de Edifica\u00e7\u00e3o e Posturas do Munic\u00edpio.<\/span><\/p>\n<p style=\"text-align: justify;\"><span style=\"font-size: 14pt;\">Tamb\u00e9m participaram da reuni\u00e3o, o coordenador-geral do Centro de Controle de Zoonoses, Carlos Eduardo da Silva, o comandante do 59\u00ba Bimtz, Ten. Cel. David, e o coordenador das doen\u00e7as transmitidas por vetores do CCZ, Herbert Charles.<\/span><\/p>\n","protected":false},"excerpt":{"rendered":"<p> [&hellip;]<\/p>\n","protected":false},"author":2,"featured_media":12279,"comment_status":"open","ping_status":"open","sticky":false,"template":"","format":"standard","meta":{"om_disable_all_campaigns":false,"_monsterinsights_skip_tracking":false,"_monsterinsights_sitenote_active":false,"_monsterinsights_sitenote_note":"","_monsterinsights_sitenote_category":0,"_uf_show_specific_survey":0,"_uf_disable_surveys":false,"footnotes":""},"categories":[2],"tags":[],"class_list":["post-12277","post","type-post","status-publish","format-standard","has-post-thumbnail","hentry","category-not_mpal"],"aioseo_notices":[],"_links":{"self":[{"href":"https:\/\/www.mpal.mp.br\/index.php?rest_route=\/wp\/v2\/posts\/12277","targetHints":{"allow":["GET"]}}],"collection":[{"href":"https:\/\/www.mpal.mp.br\/index.php?rest_route=\/wp\/v2\/posts"}],"about":[{"href":"https:\/\/www.mpal.mp.br\/index.php?rest_route=\/wp\/v2\/types\/post"}],"author":[{"embeddable":true,"href":"https:\/\/www.mpal.mp.br\/index.php?rest_route=\/wp\/v2\/users\/2"}],"replies":[{"embeddable":true,"href":"https:\/\/www.mpal.mp.br\/index.php?rest_route=%2Fwp%2Fv2%2Fcomments&post=12277"}],"version-history":[{"count":1,"href":"https:\/\/www.mpal.mp.br\/index.php?rest_route=\/wp\/v2\/posts\/12277\/revisions"}],"predecessor-version":[{"id":12281,"href":"https:\/\/www.mpal.mp.br\/index.php?rest_route=\/wp\/v2\/posts\/12277\/revisions\/12281"}],"wp:featuredmedia":[{"embeddable":true,"href":"https:\/\/www.mpal.mp.br\/index.php?rest_route=\/wp\/v2\/media\/12279"}],"wp:attachment":[{"href":"https:\/\/www.mpal.mp.br\/index.php?rest_route=%2Fwp%2Fv2%2Fmedia&parent=12277"}],"wp:term":[{"taxonomy":"category","embeddable":true,"href":"https:\/\/www.mpal.mp.br\/index.php?rest_route=%2Fwp%2Fv2%2Fcategories&post=12277"},{"taxonomy":"post_tag","embeddable":true,"href":"https:\/\/www.mpal.mp.br\/index.php?rest_route=%2Fwp%2Fv2%2Ftags&post=12277"}],"curies":[{"name":"wp","href":"https:\/\/api.w.org\/{rel}","templated":true}]}}