{"id":12274,"date":"2006-06-16T11:11:26","date_gmt":"2006-06-16T14:11:26","guid":{"rendered":"https:\/\/www.mpal.mp.br\/?p=12274"},"modified":"2022-07-13T11:12:03","modified_gmt":"2022-07-13T14:12:03","slug":"operacao-raposa-fiscaliza-concurso-do-corpo-de-bombeiros-neste-domingo","status":"publish","type":"post","link":"https:\/\/www.mpal.mp.br\/?p=12274","title":{"rendered":"Opera\u00e7\u00e3o Raposa fiscaliza concurso do Corpo de Bombeiros, neste domingo"},"content":{"rendered":"<div class=\"content-wrapper-1\">\n<div class=\"content-wrapper-2\">\n<div id=\"mainmiddle\">\n<div id=\"mainmiddle-expand\">\n<div id=\"content\">\n<div id=\"content-shift\">\n<div class=\"floatbox\">\n<div class=\"joomla \">\n<div class=\"article\">\n<div id=\"articlepxfontsize1\">\n<div class=\"corpo\">\n<p style=\"text-align: justify;\"><span style=\"font-size: 14pt;\">O Minist\u00e9rio P\u00fablico de Alagoas reuniu na manh\u00e3 desta sexta-feira (16\/6) oficiais e comandantes do Corpo de Bombeiros (CB) para discutir a segunda parte da \u201cOpera\u00e7\u00e3o Raposa\u201d, direcionada \u00e0 fiscaliza\u00e7\u00e3o das provas do concurso p\u00fablico deste domingo.<\/span><\/p>\n<p style=\"text-align: justify;\"><span style=\"font-size: 14pt;\">Durante a reuni\u00e3o, os promotores de Justi\u00e7a Jamyl Barbosa e Cec\u00edlia Carna\u00faba, da Fazenda P\u00fablica Estadual, comunicaram que o pr\u00f3prio coronel do Corpo de Bombeiros, Jair Cordeiro, confirmou a participa\u00e7\u00e3o dos oficiais na fiscaliza\u00e7\u00e3o interna dos locais de prova. J\u00e1 a fiscaliza\u00e7\u00e3o externa do concurso, segundo os promotores de Justi\u00e7a, ser\u00e1 feita por policias civis e militares.<\/span><\/p>\n<p style=\"text-align: justify;\"><span style=\"font-size: 14pt;\">\u201cO MP tamb\u00e9m estar\u00e1 presente na Opera\u00e7\u00e3o Raposa deste domingo contando com o apoio dos assessores militares da institui\u00e7\u00e3o. Todos somos importantes nessa opera\u00e7\u00e3o. O sucesso da a\u00e7\u00e3o passada foi devido \u00e0 participa\u00e7\u00e3o conjunta das entidades\u201d, ressaltaram os promotores de Justi\u00e7a.<\/span><\/p>\n<\/div>\n<\/div>\n<\/div>\n<\/div>\n<\/div>\n<\/div>\n<\/div>\n<\/div>\n<\/div>\n<\/div>\n<\/div>\n<div class=\"content-wrapper-b1\">\n<div class=\"content-wrapper-b2\" style=\"text-align: justify;\"><\/div>\n<\/div>\n","protected":false},"excerpt":{"rendered":"<p> [&hellip;]<\/p>\n","protected":false},"author":5,"featured_media":12275,"comment_status":"open","ping_status":"open","sticky":false,"template":"","format":"standard","meta":{"om_disable_all_campaigns":false,"_monsterinsights_skip_tracking":false,"_monsterinsights_sitenote_active":false,"_monsterinsights_sitenote_note":"","_monsterinsights_sitenote_category":0,"_uf_show_specific_survey":0,"_uf_disable_surveys":false,"footnotes":""},"categories":[2],"tags":[],"class_list":["post-12274","post","type-post","status-publish","format-standard","has-post-thumbnail","hentry","category-not_mpal"],"aioseo_notices":[],"_links":{"self":[{"href":"https:\/\/www.mpal.mp.br\/index.php?rest_route=\/wp\/v2\/posts\/12274","targetHints":{"allow":["GET"]}}],"collection":[{"href":"https:\/\/www.mpal.mp.br\/index.php?rest_route=\/wp\/v2\/posts"}],"about":[{"href":"https:\/\/www.mpal.mp.br\/index.php?rest_route=\/wp\/v2\/types\/post"}],"author":[{"embeddable":true,"href":"https:\/\/www.mpal.mp.br\/index.php?rest_route=\/wp\/v2\/users\/5"}],"replies":[{"embeddable":true,"href":"https:\/\/www.mpal.mp.br\/index.php?rest_route=%2Fwp%2Fv2%2Fcomments&post=12274"}],"version-history":[{"count":1,"href":"https:\/\/www.mpal.mp.br\/index.php?rest_route=\/wp\/v2\/posts\/12274\/revisions"}],"predecessor-version":[{"id":12276,"href":"https:\/\/www.mpal.mp.br\/index.php?rest_route=\/wp\/v2\/posts\/12274\/revisions\/12276"}],"wp:featuredmedia":[{"embeddable":true,"href":"https:\/\/www.mpal.mp.br\/index.php?rest_route=\/wp\/v2\/media\/12275"}],"wp:attachment":[{"href":"https:\/\/www.mpal.mp.br\/index.php?rest_route=%2Fwp%2Fv2%2Fmedia&parent=12274"}],"wp:term":[{"taxonomy":"category","embeddable":true,"href":"https:\/\/www.mpal.mp.br\/index.php?rest_route=%2Fwp%2Fv2%2Fcategories&post=12274"},{"taxonomy":"post_tag","embeddable":true,"href":"https:\/\/www.mpal.mp.br\/index.php?rest_route=%2Fwp%2Fv2%2Ftags&post=12274"}],"curies":[{"name":"wp","href":"https:\/\/api.w.org\/{rel}","templated":true}]}}