{"id":12267,"date":"2007-09-05T11:09:39","date_gmt":"2007-09-05T14:09:39","guid":{"rendered":"https:\/\/www.mpal.mp.br\/?p=12267"},"modified":"2022-07-13T11:11:19","modified_gmt":"2022-07-13T14:11:19","slug":"mp-realiza-audiencia-sobre-seguranca-do-show-de-ivete-sangalo","status":"publish","type":"post","link":"https:\/\/www.mpal.mp.br\/?p=12267","title":{"rendered":"MP realiza audi\u00eancia sobre seguran\u00e7a do show de Ivete Sangalo"},"content":{"rendered":"<p style=\"text-align: justify;\"><span style=\"font-size: 14pt;\">O Minist\u00e9rio P\u00fablico de Alagoas reuniu, hoje \u00e0 tarde, representantes da Pol\u00edcia Militar, da Pol\u00edcia Civil, da Prefeitura de Macei\u00f3 e da empresa Caveira Produ\u00e7\u00f5es para discutir a seguran\u00e7a do show da cantora Ivete Sangalo, programado para o pr\u00f3ximo domingo, no estacionamento do Centro de Conven\u00e7\u00f5es, em Jaragu\u00e1.<\/span><\/p>\n<p style=\"text-align: justify;\"><span style=\"font-size: 14pt;\">Segundo a promotora de Justi\u00e7a Denise Guimar\u00e3es, da Promotoria de Justi\u00e7a Coletiva Especializada de Defesa do Consumidor, o show ir\u00e1 contar com a atua\u00e7\u00e3o do Batalh\u00e3o de Eventos, que foi criado em 2003, mas s\u00f3 agora entra efetivamente em opera\u00e7\u00e3o. Durante audi\u00eancia, o comandante do Batalh\u00e3o de Eventos, tenente-coronel PM Amarildo, disse que vai disponibilizar 40 homens para o show da Ivete Sangalo. \u201cEsse contingente ir\u00e1 trabalhar dentro do local do show e contar\u00e1 com o refor\u00e7o de 250 homens contratados pela produ\u00e7\u00e3o do evento\u201d, acrescentou o coronel.<\/span><\/p>\n<p style=\"text-align: justify;\"><span style=\"font-size: 14pt;\">Para o promotor de Justi\u00e7a Max Martins, que tamb\u00e9m acompanhou a audi\u00eancia, a participa\u00e7\u00e3o ostensiva da PM no local do show e as provid\u00eancias j\u00e1 garantidas pelos organizadores do evento atendem \u00e0 preocupa\u00e7\u00e3o do Minist\u00e9rio P\u00fablico com rela\u00e7\u00e3o \u00e0 seguran\u00e7a do p\u00fablico. \u201cAs garantidas apresentadas pelos organizadores do show est\u00e3o dentro das regras do Termo de Ajustamento de Conduta firmado no Minist\u00e9rio P\u00fablico para eventos de grande porte. Portanto, estamos nos cercando dos cuidados para garantir a seguran\u00e7a do consumidor\u201d, afirmou o promotor.<\/span><\/p>\n<p style=\"text-align: justify;\"><span style=\"font-size: 14pt;\">Durante a reuni\u00e3o, o empres\u00e1rio Augusto Marques informou que vai garantir a alimenta\u00e7\u00e3o dos PMs que v\u00e3o trabalhar na seguran\u00e7a do show. A reuni\u00e3o foi realizada na sede da Procuradoria Geral de Justi\u00e7a e contou ainda com a participa\u00e7\u00e3o de Jos\u00e9 Gavaci, representando a Secretaria Municipal de Controle e Conv\u00edvio Urbano (SMCCU), da delegada Simone Marques Menezes, representando a Pol\u00edcia Civil; e do coronel Marcos, subcomandante da Companhia de Policiamento da Capital (CPC).<\/span><\/p>\n","protected":false},"excerpt":{"rendered":"<p> [&hellip;]<\/p>\n","protected":false},"author":2,"featured_media":12268,"comment_status":"open","ping_status":"open","sticky":false,"template":"","format":"standard","meta":{"om_disable_all_campaigns":false,"_monsterinsights_skip_tracking":false,"_monsterinsights_sitenote_active":false,"_monsterinsights_sitenote_note":"","_monsterinsights_sitenote_category":0,"_uf_show_specific_survey":0,"_uf_disable_surveys":false,"footnotes":""},"categories":[2],"tags":[],"class_list":["post-12267","post","type-post","status-publish","format-standard","has-post-thumbnail","hentry","category-not_mpal"],"aioseo_notices":[],"_links":{"self":[{"href":"https:\/\/www.mpal.mp.br\/index.php?rest_route=\/wp\/v2\/posts\/12267","targetHints":{"allow":["GET"]}}],"collection":[{"href":"https:\/\/www.mpal.mp.br\/index.php?rest_route=\/wp\/v2\/posts"}],"about":[{"href":"https:\/\/www.mpal.mp.br\/index.php?rest_route=\/wp\/v2\/types\/post"}],"author":[{"embeddable":true,"href":"https:\/\/www.mpal.mp.br\/index.php?rest_route=\/wp\/v2\/users\/2"}],"replies":[{"embeddable":true,"href":"https:\/\/www.mpal.mp.br\/index.php?rest_route=%2Fwp%2Fv2%2Fcomments&post=12267"}],"version-history":[{"count":1,"href":"https:\/\/www.mpal.mp.br\/index.php?rest_route=\/wp\/v2\/posts\/12267\/revisions"}],"predecessor-version":[{"id":12269,"href":"https:\/\/www.mpal.mp.br\/index.php?rest_route=\/wp\/v2\/posts\/12267\/revisions\/12269"}],"wp:featuredmedia":[{"embeddable":true,"href":"https:\/\/www.mpal.mp.br\/index.php?rest_route=\/wp\/v2\/media\/12268"}],"wp:attachment":[{"href":"https:\/\/www.mpal.mp.br\/index.php?rest_route=%2Fwp%2Fv2%2Fmedia&parent=12267"}],"wp:term":[{"taxonomy":"category","embeddable":true,"href":"https:\/\/www.mpal.mp.br\/index.php?rest_route=%2Fwp%2Fv2%2Fcategories&post=12267"},{"taxonomy":"post_tag","embeddable":true,"href":"https:\/\/www.mpal.mp.br\/index.php?rest_route=%2Fwp%2Fv2%2Ftags&post=12267"}],"curies":[{"name":"wp","href":"https:\/\/api.w.org\/{rel}","templated":true}]}}