{"id":12261,"date":"2007-09-03T11:07:17","date_gmt":"2007-09-03T14:07:17","guid":{"rendered":"https:\/\/www.mpal.mp.br\/?p=12261"},"modified":"2022-07-13T11:07:41","modified_gmt":"2022-07-13T14:07:41","slug":"secretario-do-planejamento-garante-ao-mp-que-fecoep-tem-r-51-milhoes","status":"publish","type":"post","link":"https:\/\/www.mpal.mp.br\/?p=12261","title":{"rendered":"Secret\u00e1rio do Planejamento garante ao MP que Fecoep tem R$ 51 milh\u00f5es"},"content":{"rendered":"<p style=\"text-align: justify;\"><span style=\"font-size: 14pt;\">Os promotores de Justi\u00e7a do N\u00facleo da Fazenda P\u00fablica Estadual e Sonega\u00e7\u00e3o Fiscal do Minist\u00e9rio P\u00fablico de Alagoas ouviram hoje \u00e0 tarde, em audi\u00eancia na sede da Procuradoria-Geral de Justi\u00e7a, o depoimento do secret\u00e1rio estadual de Planejamento, S\u00e9rgio Moreira, no processo que investiga supostas irregularidades na gest\u00e3o do Fundo Estadual de Combate e Erradica\u00e7\u00e3o da Pobreza (Fecoep).<\/span><\/p>\n<p style=\"text-align: justify;\"><span style=\"font-size: 14pt;\">Durante o depoimento aos promotores de Justi\u00e7a Jamyl Barbosa e Mur\u00edcio Pita, o secret\u00e1rio negou a m\u00e1 utiliza\u00e7\u00e3o das verbas do Fecoep, afirmando que a Controladoria Geral do Estado investigou a den\u00fancia e constatou a exist\u00eancia dos recursos. Moreira disse que os recursos arrecadados da cria\u00e7\u00e3o do Fecoep para c\u00e1 n\u00e3o foram gastos e j\u00e1 somam R$ 51 milh\u00f5es.<\/span><\/p>\n<p style=\"text-align: justify;\"><span style=\"font-size: 14pt;\">\u201cO secret\u00e1rio disse que como o Fecop n\u00e3o tinha sido inclu\u00eddo na PPA(Plano Plurianual) e no Or\u00e7amento Geral do Estado, n\u00e3o tinha uma rublica para utilizar os recursos arrecadados pelo Fundo\u201d, explicou o promotor Jamyl Barbosa, acrescentando que essa provid\u00eancia ser\u00e1 tomada a partir de 15 de setembro, quando o governo enviar \u00e0 Assembl\u00e9ia Legislativa o PPA e Or\u00e7amento Geral do Estado para 2008.<\/span><\/p>\n<p style=\"text-align: justify;\"><span style=\"font-size: 14pt;\">De acordo com os promotores de Justi\u00e7a, Moreira informou que quer colocar em funcionamento a Ag\u00eancia de Fomento do Estado, aprovando projetos de gera\u00e7\u00e3o de renda com os recursos do Fecoep. Para este ano, ainda segundo Moreira, o governador do Estado poder\u00e1 tamb\u00e9m abrir um cr\u00e9dito para administrar os recursos do Fundo, at\u00e9 que a Ag\u00eancia de Fomento seja regulamentada e assuma esse papel.<\/span><\/p>\n<p style=\"text-align: justify;\"><span style=\"font-size: 14pt;\">Os promotores de Justi\u00e7a disseram que a secret\u00e1ria Fernanda Vilela tamb\u00e9m foi convocada para prestar depoimento sobre irregularidades no Fecoep, mas n\u00e3o pode comparecer alegando motivo de viagem. \u201cA secret\u00e1ria justificou que foi representar o governador em um evento no Recife nesta segunda-feira e p\u00f4de comparecer \u00e0 audi\u00eancia, por isso solicitou uma nova data para prestar os esclarecimentos necess\u00e1rios sobre a situa\u00e7\u00e3o do Fecoep\u201d, afirmou Jamyl.<\/span><\/p>\n<p style=\"text-align: justify;\"><span style=\"font-size: 14pt;\">Devedores do Fisco<\/span><\/p>\n<p style=\"text-align: justify;\"><span style=\"font-size: 14pt;\">Quanto \u00e0 lista com os nomes dos 50 maiores devedores do Fisco, que deveria ser entregue hoje, o promotor Jamyl Barbosa disse que ainda n\u00e3o tinha recebido. \u201cA lista foi solicitada por of\u00edcio, mas at\u00e9 agora n\u00e3o chegou as nossas m\u00e3os\u201d, afirmou o promotor, no final da tarde desta segunda-feira.<\/span><\/p>\n","protected":false},"excerpt":{"rendered":"<p> [&hellip;]<\/p>\n","protected":false},"author":2,"featured_media":12262,"comment_status":"open","ping_status":"open","sticky":false,"template":"","format":"standard","meta":{"om_disable_all_campaigns":false,"_monsterinsights_skip_tracking":false,"_monsterinsights_sitenote_active":false,"_monsterinsights_sitenote_note":"","_monsterinsights_sitenote_category":0,"_uf_show_specific_survey":0,"_uf_disable_surveys":false,"footnotes":""},"categories":[2],"tags":[],"class_list":["post-12261","post","type-post","status-publish","format-standard","has-post-thumbnail","hentry","category-not_mpal"],"aioseo_notices":[],"_links":{"self":[{"href":"https:\/\/www.mpal.mp.br\/index.php?rest_route=\/wp\/v2\/posts\/12261","targetHints":{"allow":["GET"]}}],"collection":[{"href":"https:\/\/www.mpal.mp.br\/index.php?rest_route=\/wp\/v2\/posts"}],"about":[{"href":"https:\/\/www.mpal.mp.br\/index.php?rest_route=\/wp\/v2\/types\/post"}],"author":[{"embeddable":true,"href":"https:\/\/www.mpal.mp.br\/index.php?rest_route=\/wp\/v2\/users\/2"}],"replies":[{"embeddable":true,"href":"https:\/\/www.mpal.mp.br\/index.php?rest_route=%2Fwp%2Fv2%2Fcomments&post=12261"}],"version-history":[{"count":1,"href":"https:\/\/www.mpal.mp.br\/index.php?rest_route=\/wp\/v2\/posts\/12261\/revisions"}],"predecessor-version":[{"id":12263,"href":"https:\/\/www.mpal.mp.br\/index.php?rest_route=\/wp\/v2\/posts\/12261\/revisions\/12263"}],"wp:featuredmedia":[{"embeddable":true,"href":"https:\/\/www.mpal.mp.br\/index.php?rest_route=\/wp\/v2\/media\/12262"}],"wp:attachment":[{"href":"https:\/\/www.mpal.mp.br\/index.php?rest_route=%2Fwp%2Fv2%2Fmedia&parent=12261"}],"wp:term":[{"taxonomy":"category","embeddable":true,"href":"https:\/\/www.mpal.mp.br\/index.php?rest_route=%2Fwp%2Fv2%2Fcategories&post=12261"},{"taxonomy":"post_tag","embeddable":true,"href":"https:\/\/www.mpal.mp.br\/index.php?rest_route=%2Fwp%2Fv2%2Ftags&post=12261"}],"curies":[{"name":"wp","href":"https:\/\/api.w.org\/{rel}","templated":true}]}}