{"id":12258,"date":"2006-07-06T11:05:31","date_gmt":"2006-07-06T14:05:31","guid":{"rendered":"https:\/\/www.mpal.mp.br\/?p=12258"},"modified":"2022-07-13T11:06:18","modified_gmt":"2022-07-13T14:06:18","slug":"escolas-particulares-de-arapiraca-devem-se-credenciar-ate-final-do-ano","status":"publish","type":"post","link":"https:\/\/www.mpal.mp.br\/?p=12258","title":{"rendered":"Escolas particulares de Arapiraca devem se credenciar at\u00e9 final do ano"},"content":{"rendered":"<p style=\"text-align: justify;\"><span style=\"font-size: 14pt;\">O Minist\u00e9rio P\u00fablico de Alagoas vai convocar representantes das escolas particulares clandestinas de Arapiraca para firmar Termo de Ajuste de Conduta (TAC), com o objetivo de credenci\u00e1-las no Conselho Municipal, at\u00e9 o final do ano. A decis\u00e3o aconteceu em audi\u00eancia realizada na manh\u00e3 desta quinta-feira, com o Conselho Municipal de Educa\u00e7\u00e3o, Secretaria Municipal de Educa\u00e7\u00e3o e Sindicato das Escolas Particulares de Arapiraca.<\/span><\/p>\n<p style=\"text-align: justify;\"><span style=\"font-size: 14pt;\">\u201cVamos levar o assunto \u00e0 Promotoria de Defesa do Consumidor. As escolas que n\u00e3o se credenciarem n\u00e3o v\u00e3o poder funcionar em 2007\u201d, alertou o promotor de Justi\u00e7a Saulo Ventura.<\/span><\/p>\n<p style=\"text-align: justify;\"><span style=\"font-size: 14pt;\">Segundo o promotor de Justi\u00e7a, o problema maior est\u00e1 com as escolas particulares do ensino infantil, que correspondem a 80% das 100 escolas particulares n\u00e3o credenciadas. \u201cApesar de o Sindicato ter informado que 100, das 140 escolas particulares existentes na cidade, n\u00e3o s\u00e3o credenciadas, o MP ainda vai averiguar o n\u00famero exato\u201d, ressaltou.<\/span><\/p>\n<p style=\"text-align: justify;\"><span style=\"font-size: 14pt;\">Na pr\u00f3xima quinta-feira (13\/7), o Minist\u00e9rio P\u00fablico vai realizar audi\u00eancia com o Conselho Estadual de Educa\u00e7\u00e3o para discutir a regulariza\u00e7\u00e3o de escolas particulares do ensino fundamental, que correspondem a 20% do total das n\u00e3o credenciadas.<\/span><\/p>\n","protected":false},"excerpt":{"rendered":"<p> [&hellip;]<\/p>\n","protected":false},"author":5,"featured_media":12259,"comment_status":"open","ping_status":"open","sticky":false,"template":"","format":"standard","meta":{"om_disable_all_campaigns":false,"_monsterinsights_skip_tracking":false,"_monsterinsights_sitenote_active":false,"_monsterinsights_sitenote_note":"","_monsterinsights_sitenote_category":0,"_uf_show_specific_survey":0,"_uf_disable_surveys":false,"footnotes":""},"categories":[2],"tags":[],"class_list":["post-12258","post","type-post","status-publish","format-standard","has-post-thumbnail","hentry","category-not_mpal"],"aioseo_notices":[],"_links":{"self":[{"href":"https:\/\/www.mpal.mp.br\/index.php?rest_route=\/wp\/v2\/posts\/12258","targetHints":{"allow":["GET"]}}],"collection":[{"href":"https:\/\/www.mpal.mp.br\/index.php?rest_route=\/wp\/v2\/posts"}],"about":[{"href":"https:\/\/www.mpal.mp.br\/index.php?rest_route=\/wp\/v2\/types\/post"}],"author":[{"embeddable":true,"href":"https:\/\/www.mpal.mp.br\/index.php?rest_route=\/wp\/v2\/users\/5"}],"replies":[{"embeddable":true,"href":"https:\/\/www.mpal.mp.br\/index.php?rest_route=%2Fwp%2Fv2%2Fcomments&post=12258"}],"version-history":[{"count":1,"href":"https:\/\/www.mpal.mp.br\/index.php?rest_route=\/wp\/v2\/posts\/12258\/revisions"}],"predecessor-version":[{"id":12260,"href":"https:\/\/www.mpal.mp.br\/index.php?rest_route=\/wp\/v2\/posts\/12258\/revisions\/12260"}],"wp:featuredmedia":[{"embeddable":true,"href":"https:\/\/www.mpal.mp.br\/index.php?rest_route=\/wp\/v2\/media\/12259"}],"wp:attachment":[{"href":"https:\/\/www.mpal.mp.br\/index.php?rest_route=%2Fwp%2Fv2%2Fmedia&parent=12258"}],"wp:term":[{"taxonomy":"category","embeddable":true,"href":"https:\/\/www.mpal.mp.br\/index.php?rest_route=%2Fwp%2Fv2%2Fcategories&post=12258"},{"taxonomy":"post_tag","embeddable":true,"href":"https:\/\/www.mpal.mp.br\/index.php?rest_route=%2Fwp%2Fv2%2Ftags&post=12258"}],"curies":[{"name":"wp","href":"https:\/\/api.w.org\/{rel}","templated":true}]}}