{"id":12254,"date":"2007-08-20T11:05:09","date_gmt":"2007-08-20T14:05:09","guid":{"rendered":"https:\/\/www.mpal.mp.br\/?p=12254"},"modified":"2022-07-13T11:06:17","modified_gmt":"2022-07-13T14:06:17","slug":"mp-alerta-camelos-para-riscos-da-pirataria","status":"publish","type":"post","link":"https:\/\/www.mpal.mp.br\/?p=12254","title":{"rendered":"MP alerta camel\u00f4s para riscos da pirataria"},"content":{"rendered":"<p style=\"text-align: justify;\"><span style=\"font-size: 14pt;\">O Minist\u00e9rio P\u00fablico de Alagoas reuniu, hoje \u00e0 tarde, representantes dos feirantes, camel\u00f4s e ambulantes que comercializam m\u00eddia pirata em Macei\u00f3, para alert\u00e1-los quanto \u00e0 ilegalidade dessa atividade comercial. Durante a reuni\u00e3o, a promotora de Justi\u00e7a Karla Padilha explicou que a venda de produtos piratas (CD e DVD, principalmente) \u00e9 crime previsto do Artigo 184 do C\u00f3digo Penal e quem for preso em flagrante pode pegar de dois a quatro anos de pris\u00e3o.<\/span><\/p>\n<p style=\"text-align: justify;\"><span style=\"font-size: 14pt;\">\u201cO Minist\u00e9rio P\u00fablico se preocupa com quem vem trabalhando nessa atividade, tanto \u00e9 que procurou primeiro ouvi-los e alert\u00e1-los para s\u00f3 depois cobrar dos \u00f3rg\u00e3os fiscalizadores uma a\u00e7\u00e3o mais repressiva\u201d, explicou Karla Padilha. \u201cN\u00f3s n\u00e3o queremos agravar ainda mais o quadro social da nossa cidade, que oferece poucas oportunidades de emprego, mas n\u00e3o podemos mais fechar os olhos para o problema da pirataria, que \u00e9 crime e tem que ser combatido\u201d, acrescentou a promotora de Justi\u00e7a.<\/span><\/p>\n<p style=\"text-align: justify;\"><span style=\"font-size: 14pt;\">Segundo ela, para evitar um trauma maior, o MP decidiu ouvir n\u00e3o s\u00f3 os representantes do com\u00e9rcio varejista, como tamb\u00e9m os \u00f3rg\u00e3os fiscalizadores, fomentadores da economia popular e policiais. O objetivo \u00e9 colher sugest\u00f5es de todos para combater a pirataria da melhor forma poss\u00edvel. Por isso, nessa ter\u00e7a-feira (21\/8), a partir das 9 horas, o MP Estadual estar\u00e1 reunindo representantes dos \u00f3rg\u00e3os fiscalizadores para a discuss\u00e3o do problema.<\/span><\/p>\n<p style=\"text-align: justify;\"><span style=\"font-size: 14pt;\">Para essa reuni\u00e3o, a promotora de Justi\u00e7a Karla Padilha convidou um representante do Sebrae, que vai sugerir alternativas legais de comercializa\u00e7\u00e3o de outros produtos que n\u00e3o sejam pirateados. \u201cEssa reuni\u00e3o vai servir tamb\u00e9m para definir regras que ser\u00e3o cobradas dos \u00f3rg\u00e3os fiscalizadores e apresenta\u00e7\u00e3o de projetos alternativos \u00e0 comercializa\u00e7\u00e3o de produtos piratas\u201d, revelou a promotora de Justi\u00e7a.<\/span><\/p>\n<p style=\"text-align: justify;\"><span style=\"font-size: 14pt;\">\u201cS\u00f3 depois dessa discuss\u00e3o \u00e9 que ser\u00e1 elaborado um Termo de Ajustamento de Conduta (TAC), dando um prazo para a resolu\u00e7\u00e3o do problema\u201d, acrescentou. A promotora de Justi\u00e7a disse ainda que n\u00e3o sabe qual \u00e9 o prazo que ser\u00e1 estipulado para a toler\u00e2ncia da venda ilegal de m\u00eddia pirata. Segundo a promotora de Justi\u00e7a, o prazo vai depender de um acordo entre os \u00f3rg\u00e3os fiscalizadores e os representantes dos feirantes.<\/span><\/p>\n<p style=\"text-align: justify;\"><span style=\"font-size: 14pt;\">O presidente da Associa\u00e7\u00e3o dos Camel\u00f4s de Macei\u00f3, Rosivaldo Moura, e o diretor do Sindicato do Com\u00e9rcio Varejista e Feirante de Macei\u00f3, Jailson da Silva Moura, elogiaram a iniciativa do MP Estadual de ouvir os comerciantes e procurar alternativas para o problema, antes de desencadear uma opera\u00e7\u00e3o repressiva de combate \u00e0 m\u00eddia pirata na capital alagoana. Eles disseram que v\u00e3o acompanhar as discuss\u00f5es do problema \u00e0 espera do prazo a ser estipulado para a mudan\u00e7a de atividade.<\/span><\/p>\n","protected":false},"excerpt":{"rendered":"<p> [&hellip;]<\/p>\n","protected":false},"author":2,"featured_media":12256,"comment_status":"open","ping_status":"open","sticky":false,"template":"","format":"standard","meta":{"om_disable_all_campaigns":false,"_monsterinsights_skip_tracking":false,"_monsterinsights_sitenote_active":false,"_monsterinsights_sitenote_note":"","_monsterinsights_sitenote_category":0,"_uf_show_specific_survey":0,"_uf_disable_surveys":false,"footnotes":""},"categories":[2],"tags":[],"class_list":["post-12254","post","type-post","status-publish","format-standard","has-post-thumbnail","hentry","category-not_mpal"],"aioseo_notices":[],"_links":{"self":[{"href":"https:\/\/www.mpal.mp.br\/index.php?rest_route=\/wp\/v2\/posts\/12254","targetHints":{"allow":["GET"]}}],"collection":[{"href":"https:\/\/www.mpal.mp.br\/index.php?rest_route=\/wp\/v2\/posts"}],"about":[{"href":"https:\/\/www.mpal.mp.br\/index.php?rest_route=\/wp\/v2\/types\/post"}],"author":[{"embeddable":true,"href":"https:\/\/www.mpal.mp.br\/index.php?rest_route=\/wp\/v2\/users\/2"}],"replies":[{"embeddable":true,"href":"https:\/\/www.mpal.mp.br\/index.php?rest_route=%2Fwp%2Fv2%2Fcomments&post=12254"}],"version-history":[{"count":1,"href":"https:\/\/www.mpal.mp.br\/index.php?rest_route=\/wp\/v2\/posts\/12254\/revisions"}],"predecessor-version":[{"id":12257,"href":"https:\/\/www.mpal.mp.br\/index.php?rest_route=\/wp\/v2\/posts\/12254\/revisions\/12257"}],"wp:featuredmedia":[{"embeddable":true,"href":"https:\/\/www.mpal.mp.br\/index.php?rest_route=\/wp\/v2\/media\/12256"}],"wp:attachment":[{"href":"https:\/\/www.mpal.mp.br\/index.php?rest_route=%2Fwp%2Fv2%2Fmedia&parent=12254"}],"wp:term":[{"taxonomy":"category","embeddable":true,"href":"https:\/\/www.mpal.mp.br\/index.php?rest_route=%2Fwp%2Fv2%2Fcategories&post=12254"},{"taxonomy":"post_tag","embeddable":true,"href":"https:\/\/www.mpal.mp.br\/index.php?rest_route=%2Fwp%2Fv2%2Ftags&post=12254"}],"curies":[{"name":"wp","href":"https:\/\/api.w.org\/{rel}","templated":true}]}}