{"id":12237,"date":"2013-12-18T10:50:08","date_gmt":"2013-12-18T12:50:08","guid":{"rendered":"https:\/\/www.mpal.mp.br\/?p=12237"},"modified":"2022-07-13T10:50:56","modified_gmt":"2022-07-13T13:50:56","slug":"conselho-superior-do-ministerio-publico-estadual-encerra-atividades-de-2013","status":"publish","type":"post","link":"https:\/\/www.mpal.mp.br\/?p=12237","title":{"rendered":"Conselho Superior do Minist\u00e9rio P\u00fablico Estadual encerra atividades de 2013"},"content":{"rendered":"<p style=\"text-align: justify;\"><span style=\"font-size: 14pt;\">O Conselho Superior do Minist\u00e9rio P\u00fablico Estadual de Alagoas (CSMP) encerrou suas atividades deste 2013 nesta quarta-feira, 18. Os sete membros e a Secretaria que comp\u00f5em o Colegiado confirmaram que encerram o ano com o sentimento de dever cumprido e destacam as a\u00e7\u00f5es foram realizadas com o objetivo de valorizar a classe de procuradores e promotores de Justi\u00e7a.<\/span><\/p>\n<p style=\"text-align: justify;\"><span style=\"font-size: 14pt;\">Durante todos os meses de 2013, uma s\u00e9rie de procedimentos e pedidos foram analisados com o objetivo de reconhecer e estimular o trabalho dos membros do MPE\/AL, a exemplo das tr\u00eas remo\u00e7\u00f5es, das cinco promo\u00e7\u00f5es, dos dois pedidos de remo\u00e7\u00e3o por permuta e da autoriza\u00e7\u00e3o de afastamento de dois promotores para frequentar cursos de mestrado e doutorado no exterior.<\/span><\/p>\n<p style=\"text-align: justify;\"><span style=\"font-size: 14pt;\">Nesse mesmo per\u00edodo, o CSMP expediu 407 of\u00edcios e recebeu da Secretaria do Colegiado o quantitativo de 414 processos para an\u00e1lise e delibera\u00e7\u00e3o e todo esse material foi discutido durante a realiza\u00e7\u00e3o das 37 reuni\u00f5es ordin\u00e1rias e uma extraordin\u00e1ria realizadas entre janeiro e dezembro. Nesse encontro ocorrido em car\u00e1ter extraordin\u00e1rio, o Conselho apreciou e julgou a inscri\u00e7\u00e3o definitiva dos candidatos para o concurso p\u00fablico destinado ao provimento de cargo de promotor de Justi\u00e7a de Alagoas.<\/span><\/p>\n<p style=\"text-align: justify;\"><span style=\"font-size: 14pt;\"><strong>Os editais de remo\u00e7\u00e3o e promo\u00e7\u00e3o<\/strong><\/span><\/p>\n<p style=\"text-align: justify;\"><span style=\"font-size: 14pt;\">O CSMP autorizou as seguintes promo\u00e7\u00f5es neste ano de 2013: Delma Pantale\u00e3o &#8211; 2\u00aa Promotoria de Justi\u00e7a de Arapiraca; Jorge D\u00f3rea &#8211; Promotoria de Justi\u00e7a de S\u00e3o Jos\u00e9 da Laje; Dalva Wanderley Ten\u00f3rio &#8211; Promotoria de Justi\u00e7a do Pilar; Cl\u00e1udio Pereira Pinheiro &#8211; 5\u00aa Promotoria de Justi\u00e7a da Capital e Lav\u00ednia Fragoso &#8211; 65\u00aa Promotoria de Justi\u00e7a da Capital. Todos eles seguiram o crit\u00e9rio de antiguidade.<\/span><\/p>\n<p style=\"text-align: justify;\"><span style=\"font-size: 14pt;\">J\u00e1 os promotores Marluce Caldas &#8211; 14\u00aa Promotoria de Justi\u00e7a da Capital e Marcos Mousinho &#8211; Promotoria de Justi\u00e7a de S\u00e3o Jos\u00e9 da Laje, foram promovidos pelo crit\u00e9rio de merecimento.<\/span><\/p>\n<p style=\"text-align: justify;\"><span style=\"font-size: 14pt;\">Sete promotores receberam promo\u00e7\u00f5es tamb\u00e9m durante este ano: Paulo Roberto Marques dos Anjos &#8211; 10\u00aa Procuradoria de Justi\u00e7a C\u00edvel; Hamilton Carneiro &#8211; 1\u00aa Promotoria de Justi\u00e7a de Santana do Ipanema e Maria Jos\u00e9 Alves da Silva &#8211; 38\u00aa Promotoria de Justi\u00e7a da Capital, ambos, por antiguidade.<\/span><\/p>\n<p style=\"text-align: justify;\"><span style=\"font-size: 14pt;\">Por merecimento foram promovidos os membros Nilson Mendes de Miranda &#8211; 5\u00aa Promotoria de Justi\u00e7a de Arapiraca; Dalva Wanderley Ten\u00f3rio &#8211; 59\u00aa Promotoria de Justi\u00e7a da Capital; Salete Adorno Ferreira &#8211; 5\u00aa Promotoria de Justi\u00e7a de Arapiraca e Adriano Jorge Correia &#8211; 4\u00aa Promotoria de Justi\u00e7a de Palmeira dos \u00cdndios.<\/span><\/p>\n<p style=\"text-align: justify;\"><span style=\"font-size: 14pt;\">E dois promotores de Justi\u00e7a tiveram permiss\u00e3o concedida para se especializarem l\u00e1 fora. Est\u00e3o cursando mestrado e doutorado, respectivamente, Magno Alexandre Ferreira de Moura e Karla Padilha Rebelo Marques.<\/span><\/p>\n<p style=\"text-align: justify;\"><span style=\"font-size: 14pt;\">\u201cTivemos uma grande demanda de trabalho ao longo do exerc\u00edcio de 2013 e todo esse volume de atividades serviu para que o Conselho constatasse que conseguiu cumprir com suas atribui\u00e7\u00f5es em tempo h\u00e1bil, por meio de um trabalho s\u00e9rio, transparente, colaborativo e harmonioso desenvolvido pelos membros desse \u00f3rg\u00e3o da Administra\u00e7\u00e3o Superior. O resultado do esfor\u00e7o concentrado demonstra, concretamente, os princ\u00edpios que definem o Minist\u00e9rio P\u00fablico Alagoano: Unidade, Indivisibilidade e independ\u00eancia funcional\u201d, destacou S\u00e9rgio Juc\u00e1, procurador-geral de Justi\u00e7a.<\/span><\/p>\n<p style=\"text-align: justify;\"><span style=\"font-size: 14pt;\">O Conselho Superior do exerc\u00edcio de 2013 foi composto pelos procuradores S\u00e9rgio Juc\u00e1 &#8211; que presidiu o Colegiado; M\u00e1rcio Roberto, corregedor-geral do MPE\/AL; Luiz Barbosa Carna\u00faba; Anti\u00f3genes Marques de Lira; Walber Valente de Lima; Artran de Pereira Monte e Marcos M\u00e9ro. Secretariando os trabalhos esteve o promotor de Justi\u00e7a Luiz de Albuquerque Medeiros Filho e os assessores Ivanderson Pereira e Orlando Neto.<\/span><\/p>\n<p style=\"text-align: justify;\"><span style=\"font-size: 14pt;\"><strong>O Conselho<\/strong><\/span><\/p>\n<p style=\"text-align: justify;\"><span style=\"font-size: 14pt;\">Compete ao Conselho Superior do Minist\u00e9rio P\u00fablico, como \u00f3rg\u00e3o de Administra\u00e7\u00e3o Superior: elaborar as listas s\u00eaxtuplas; indicar ao procurador-geral de Justi\u00e7a, em lista tr\u00edplice, os candidatos \u00e0 remo\u00e7\u00e3o e \u00e0 promo\u00e7\u00e3o por merecimento; eleger os membros do Minist\u00e9rio P\u00fablico que integrar\u00e3o a Comiss\u00e3o de Concurso de ingresso na carreira; indicar o nome do mais antigo membro para a remo\u00e7\u00e3o ou promo\u00e7\u00e3o por antiguidade; e aprovar os pedidos de remo\u00e7\u00e3o por permuta entre promotores e procuradores.<\/span><\/p>\n<p style=\"text-align: justify;\"><span style=\"font-size: 14pt;\">O Conselho tamb\u00e9m decide sobre vitaliciamento de membros e determina, por voto de dois ter\u00e7os de seus integrantes, a disponibilidade ou remo\u00e7\u00e3o de membros, por interesse p\u00fablico e conveni\u00eancia do servi\u00e7o, assegurada ampla defesa. Entre outras delibera\u00e7\u00f5es, o Conselho aprecia os pedidos de arquivamento de inqu\u00e9ritos civis p\u00fablicos.<\/span><\/p>\n","protected":false},"excerpt":{"rendered":"<p> [&hellip;]<\/p>\n","protected":false},"author":2,"featured_media":12238,"comment_status":"open","ping_status":"open","sticky":false,"template":"","format":"standard","meta":{"om_disable_all_campaigns":false,"_monsterinsights_skip_tracking":false,"_monsterinsights_sitenote_active":false,"_monsterinsights_sitenote_note":"","_monsterinsights_sitenote_category":0,"_uf_show_specific_survey":0,"_uf_disable_surveys":false,"footnotes":""},"categories":[2],"tags":[],"class_list":["post-12237","post","type-post","status-publish","format-standard","has-post-thumbnail","hentry","category-not_mpal"],"aioseo_notices":[],"_links":{"self":[{"href":"https:\/\/www.mpal.mp.br\/index.php?rest_route=\/wp\/v2\/posts\/12237","targetHints":{"allow":["GET"]}}],"collection":[{"href":"https:\/\/www.mpal.mp.br\/index.php?rest_route=\/wp\/v2\/posts"}],"about":[{"href":"https:\/\/www.mpal.mp.br\/index.php?rest_route=\/wp\/v2\/types\/post"}],"author":[{"embeddable":true,"href":"https:\/\/www.mpal.mp.br\/index.php?rest_route=\/wp\/v2\/users\/2"}],"replies":[{"embeddable":true,"href":"https:\/\/www.mpal.mp.br\/index.php?rest_route=%2Fwp%2Fv2%2Fcomments&post=12237"}],"version-history":[{"count":1,"href":"https:\/\/www.mpal.mp.br\/index.php?rest_route=\/wp\/v2\/posts\/12237\/revisions"}],"predecessor-version":[{"id":12239,"href":"https:\/\/www.mpal.mp.br\/index.php?rest_route=\/wp\/v2\/posts\/12237\/revisions\/12239"}],"wp:featuredmedia":[{"embeddable":true,"href":"https:\/\/www.mpal.mp.br\/index.php?rest_route=\/wp\/v2\/media\/12238"}],"wp:attachment":[{"href":"https:\/\/www.mpal.mp.br\/index.php?rest_route=%2Fwp%2Fv2%2Fmedia&parent=12237"}],"wp:term":[{"taxonomy":"category","embeddable":true,"href":"https:\/\/www.mpal.mp.br\/index.php?rest_route=%2Fwp%2Fv2%2Fcategories&post=12237"},{"taxonomy":"post_tag","embeddable":true,"href":"https:\/\/www.mpal.mp.br\/index.php?rest_route=%2Fwp%2Fv2%2Ftags&post=12237"}],"curies":[{"name":"wp","href":"https:\/\/api.w.org\/{rel}","templated":true}]}}