{"id":12231,"date":"2014-12-19T10:45:46","date_gmt":"2014-12-19T12:45:46","guid":{"rendered":"https:\/\/www.mpal.mp.br\/?p=12231"},"modified":"2022-07-13T10:46:53","modified_gmt":"2022-07-13T13:46:53","slug":"conselho-do-ministerio-publico-encerra-trabalhos-do-ano-com-balanco-de-gestao","status":"publish","type":"post","link":"https:\/\/www.mpal.mp.br\/?p=12231","title":{"rendered":"Conselho do Minist\u00e9rio P\u00fablico encerra trabalhos do ano com balan\u00e7o de gest\u00e3o"},"content":{"rendered":"<p style=\"text-align: justify;\"><span style=\"font-size: 14pt;\">O Conselho Superior do Minist\u00e9rio P\u00fablico (CSMP) realizou, nesta sexta-feira (19), a \u00faltima plen\u00e1ria do ano, na qual foi apresentado um balan\u00e7o dos trabalhos desenvolvidos pela atual gest\u00e3o. O presidente do \u00f3rg\u00e3o colegiado, S\u00e9rgio Juc\u00e1, comandou a reuni\u00e3o, que tamb\u00e9m teve a presen\u00e7a dos conselheiros M\u00e1rcio Roberto Ten\u00f3rio de Albuquerque, Lean Ant\u00f4nio Ferreira de Ara\u00fajo, Dilmar Lopes Camerino, Afr\u00e2nio Roberto Pereira de Queiroz e Marcos M\u00e9ro, al\u00e9m dos procuradores de Justi\u00e7a Denise Guimar\u00e3es e Dennis Calheiros .<\/span><\/p>\n<p style=\"text-align: justify;\"><span style=\"font-size: 14pt;\">Coube ao secret\u00e1rio do CSMP, promotor de Justi\u00e7a Luiz Albuquerque Medeiros Filho, apresentar o relat\u00f3rio de atividades de 2014. Ao longo do ano, foram distribu\u00eddos 349 processos para an\u00e1lise e delibera\u00e7\u00e3o dos conselheiros em 36 reuni\u00f5es ordin\u00e1rias e tr\u00eas extraordin\u00e1rias. A partir disso, houve o encaminhamento de 345 expedientes. Houve ainda tr\u00eas remo\u00e7\u00f5es, onze promo\u00e7\u00f5es por antiguidade e merecimento e um pedido de remo\u00e7\u00e3o por permuta, que resultaram em 15 resolu\u00e7\u00f5es, al\u00e9m de duas autoriza\u00e7\u00f5es de afastamento de membro, um processo de promo\u00e7\u00e3o em curso e um pedido de remo\u00e7\u00e3o n\u00e3o atendido.<\/span><\/p>\n<p style=\"text-align: justify;\"><span style=\"font-size: 14pt;\">\u201cEntre as reuni\u00f5es deste ano, destaco algumas, como aquela em que o Conselho se manifestou favoravelmente \u00e0 homologa\u00e7\u00e3o do resultado do concurso p\u00fablico para ingresso na carreira do Minist\u00e9rio P\u00fablico do Estado de Alagoas. Tamb\u00e9m rememoro a reuni\u00e3o realizada na sede das Promotorias de Justi\u00e7a do Munic\u00edpio de Arapiraca, primeira na hist\u00f3ria deste \u00f3rg\u00e3o colegiado que aconteceu fora de sua sede, e as duas sess\u00f5es que empossaram os procuradores Valter Acioly e Denise Guimar\u00e3es\u201d, lembrou, Luiz Albuquerque, comemorando o desempenho do Conselho.<\/span><\/p>\n<p style=\"text-align: justify;\"><span style=\"font-size: 14pt;\">O promotor felicitou os procuradores de Justi\u00e7a que compuseram o \u00f3rg\u00e3o neste ano e aqueles que v\u00e3o integr\u00e1-lo em 2015. \u201cParabenizo todos os procuradores de Justi\u00e7a reconduzidos a este \u00f3rg\u00e3o pelo processo eleitoral. Tamb\u00e9m sa\u00fado os que n\u00e3o foram eleitos, mas mostraram muita compet\u00eancia na condi\u00e7\u00e3o de conselheiros, a exemplo de Afr\u00e2nio Roberto, que assumir\u00e1 a Ouvidoria do Minist\u00e9rio P\u00fablico. Felicito, por fim, os novos conselheiros Eduardo Tavares, Denise Guimar\u00e3es e M\u00e1rcio Roberto, que atuou este ano como corregedor-geral e volta agora como eleito, na expectativa de dar continuidade aos esfor\u00e7os de 2014\u201d, disse o secret\u00e1rio do CSMP.<\/span><\/p>\n","protected":false},"excerpt":{"rendered":"<p> [&hellip;]<\/p>\n","protected":false},"author":2,"featured_media":12232,"comment_status":"open","ping_status":"open","sticky":false,"template":"","format":"standard","meta":{"om_disable_all_campaigns":false,"_monsterinsights_skip_tracking":false,"_monsterinsights_sitenote_active":false,"_monsterinsights_sitenote_note":"","_monsterinsights_sitenote_category":0,"_uf_show_specific_survey":0,"_uf_disable_surveys":false,"footnotes":""},"categories":[2],"tags":[],"class_list":["post-12231","post","type-post","status-publish","format-standard","has-post-thumbnail","hentry","category-not_mpal"],"aioseo_notices":[],"_links":{"self":[{"href":"https:\/\/www.mpal.mp.br\/index.php?rest_route=\/wp\/v2\/posts\/12231","targetHints":{"allow":["GET"]}}],"collection":[{"href":"https:\/\/www.mpal.mp.br\/index.php?rest_route=\/wp\/v2\/posts"}],"about":[{"href":"https:\/\/www.mpal.mp.br\/index.php?rest_route=\/wp\/v2\/types\/post"}],"author":[{"embeddable":true,"href":"https:\/\/www.mpal.mp.br\/index.php?rest_route=\/wp\/v2\/users\/2"}],"replies":[{"embeddable":true,"href":"https:\/\/www.mpal.mp.br\/index.php?rest_route=%2Fwp%2Fv2%2Fcomments&post=12231"}],"version-history":[{"count":1,"href":"https:\/\/www.mpal.mp.br\/index.php?rest_route=\/wp\/v2\/posts\/12231\/revisions"}],"predecessor-version":[{"id":12233,"href":"https:\/\/www.mpal.mp.br\/index.php?rest_route=\/wp\/v2\/posts\/12231\/revisions\/12233"}],"wp:featuredmedia":[{"embeddable":true,"href":"https:\/\/www.mpal.mp.br\/index.php?rest_route=\/wp\/v2\/media\/12232"}],"wp:attachment":[{"href":"https:\/\/www.mpal.mp.br\/index.php?rest_route=%2Fwp%2Fv2%2Fmedia&parent=12231"}],"wp:term":[{"taxonomy":"category","embeddable":true,"href":"https:\/\/www.mpal.mp.br\/index.php?rest_route=%2Fwp%2Fv2%2Fcategories&post=12231"},{"taxonomy":"post_tag","embeddable":true,"href":"https:\/\/www.mpal.mp.br\/index.php?rest_route=%2Fwp%2Fv2%2Ftags&post=12231"}],"curies":[{"name":"wp","href":"https:\/\/api.w.org\/{rel}","templated":true}]}}