{"id":12223,"date":"2015-12-02T10:41:14","date_gmt":"2015-12-02T12:41:14","guid":{"rendered":"https:\/\/www.mpal.mp.br\/?p=12223"},"modified":"2022-07-13T10:42:15","modified_gmt":"2022-07-13T13:42:15","slug":"eleicao-para-o-conselho-superior-do-ministerio-publico-tera-sete-candidatos-pleito-ocorre-nesta-sexta-feira-04","status":"publish","type":"post","link":"https:\/\/www.mpal.mp.br\/?p=12223","title":{"rendered":"Elei\u00e7\u00e3o para o Conselho Superior do Minist\u00e9rio P\u00fablico ter\u00e1 sete candidatos; pleito ocorre nesta sexta-feira (04)"},"content":{"rendered":"<p style=\"text-align: justify;\"><span style=\"font-size: 14pt;\">Numa elei\u00e7\u00e3o que acontecer\u00e1 das 09h \u00e0s 17h da pr\u00f3xima sexta-feira (03), na Sala dos \u00d3rg\u00e3os Colegiados, promotores e procuradores de Justi\u00e7a v\u00e3o eleger os cinco novos membros do Conselho Superior do Minist\u00e9rio P\u00fablico Estadual de Alagoas. Sete procuradores disputam os referidos assentos. Encerrada a vota\u00e7\u00e3o, a Comiss\u00e3o Eleitoral far\u00e1 a computa\u00e7\u00e3o dos votos e anunciar\u00e1 o resultado dos eleitos. Dentre outras atribui\u00e7\u00f5es, compete ao Conselho promover e remover promotores de Justi\u00e7a de uma Promotoria para outra e apreciar pedidos de arquivamento de inqu\u00e9ritos civis p\u00fablicos.<\/span><\/p>\n<p style=\"text-align: justify;\"><span style=\"font-size: 14pt;\">A elei\u00e7\u00e3o ter\u00e1 sete procuradores de Justi\u00e7a candidatos: Luiz Barbosa Carna\u00faba, Geraldo Magela Barbosa Pirau\u00e1, Walber Jos\u00e9 Valente de Lima, M\u00e1rcio Roberto Ten\u00f3rio de Albuquerque, Marcos M\u00e9ro, Valter Jos\u00e9 de Omena Acioly e Denise Guimar\u00e3es de Oliveira.<\/span><\/p>\n<p style=\"text-align: justify;\"><span style=\"font-size: 14pt;\">O pleito ser\u00e1 realizado na pr\u00f3xima sexta-feira, das 09h \u00e0s 17h, na Sala dos \u00d3rg\u00e3os Colegiados, instalada no 4\u00ba andar do edif\u00edcio-sede do Minist\u00e9rio P\u00fablico Estadual de Alagoas, situado no edif\u00edcio Carlos Guido Ferr\u00e1rio Lobo, na Rua Dr. Pedro Jorge Melo e Silva, n\u00ba 79, no Po\u00e7o.<\/span><\/p>\n<p style=\"text-align: justify;\"><span style=\"font-size: 14pt;\">Durante todo o dia, a vota\u00e7\u00e3o ser\u00e1 acompanhada pela Comiss\u00e3o Eleitoral, que ser\u00e1 presidida pelo procurador-geral de Justi\u00e7a, S\u00e9rgio Juc\u00e1, e que tamb\u00e9m \u00e9 composta pelos promotores Isaac Sandes Dias e Cl\u00e1udio Jos\u00e9 Brand\u00e3o S\u00e1. O promotor Luciano Romero da Matta Monteiro \u00e9 o membro suplente da Comiss\u00e3o<\/span><\/p>\n<p style=\"text-align: justify;\"><span style=\"font-size: 14pt;\">\u00c0s 17h a elei\u00e7\u00e3o ser\u00e1 encerrada. Findada a apura\u00e7\u00e3o, a Comiss\u00e3o Eleitoral vai anunciar o resultado da urna. O mandato ser\u00e1 de um ano.<\/span><\/p>\n<p style=\"text-align: justify;\"><span style=\"font-size: 14pt;\"><strong>O Conselho<\/strong><\/span><\/p>\n<p style=\"text-align: justify;\"><span style=\"font-size: 14pt;\">Compete ao Conselho Superior do Minist\u00e9rio P\u00fablico, como \u00f3rg\u00e3o de Administra\u00e7\u00e3o Superior: elaborar as listas s\u00eaxtuplas; indicar ao procurador-geral de Justi\u00e7a, em lista tr\u00edplice, os candidatos \u00e0 remo\u00e7\u00e3o e \u00e0 promo\u00e7\u00e3o por merecimento; eleger os membros do Minist\u00e9rio P\u00fablico que integrar\u00e3o a Comiss\u00e3o de Concurso de ingresso na carreira; indicar o nome do mais antigo membro para a remo\u00e7\u00e3o ou promo\u00e7\u00e3o por antiguidade; e aprovar os pedidos de remo\u00e7\u00e3o por permuta entre promotores e procuradores.<\/span><\/p>\n<p style=\"text-align: justify;\"><span style=\"font-size: 14pt;\">O Conselho tamb\u00e9m decide sobre vitaliciamento de membros e determina, por voto de dois ter\u00e7os de seus integrantes, a disponibilidade ou remo\u00e7\u00e3o de membros, por interesse p\u00fablico e conveni\u00eancia do servi\u00e7o, assegurada ampla defesa. Entre outras delibera\u00e7\u00f5es, o Conselho aprecia os pedidos de arquivamento de inqu\u00e9ritos civis p\u00fablicos.<\/span><\/p>\n","protected":false},"excerpt":{"rendered":"<p> [&hellip;]<\/p>\n","protected":false},"author":2,"featured_media":3993,"comment_status":"open","ping_status":"open","sticky":false,"template":"","format":"standard","meta":{"om_disable_all_campaigns":false,"_monsterinsights_skip_tracking":false,"_monsterinsights_sitenote_active":false,"_monsterinsights_sitenote_note":"","_monsterinsights_sitenote_category":0,"_uf_show_specific_survey":0,"_uf_disable_surveys":false,"footnotes":""},"categories":[2],"tags":[],"class_list":["post-12223","post","type-post","status-publish","format-standard","has-post-thumbnail","hentry","category-not_mpal"],"aioseo_notices":[],"_links":{"self":[{"href":"https:\/\/www.mpal.mp.br\/index.php?rest_route=\/wp\/v2\/posts\/12223","targetHints":{"allow":["GET"]}}],"collection":[{"href":"https:\/\/www.mpal.mp.br\/index.php?rest_route=\/wp\/v2\/posts"}],"about":[{"href":"https:\/\/www.mpal.mp.br\/index.php?rest_route=\/wp\/v2\/types\/post"}],"author":[{"embeddable":true,"href":"https:\/\/www.mpal.mp.br\/index.php?rest_route=\/wp\/v2\/users\/2"}],"replies":[{"embeddable":true,"href":"https:\/\/www.mpal.mp.br\/index.php?rest_route=%2Fwp%2Fv2%2Fcomments&post=12223"}],"version-history":[{"count":1,"href":"https:\/\/www.mpal.mp.br\/index.php?rest_route=\/wp\/v2\/posts\/12223\/revisions"}],"predecessor-version":[{"id":12224,"href":"https:\/\/www.mpal.mp.br\/index.php?rest_route=\/wp\/v2\/posts\/12223\/revisions\/12224"}],"wp:featuredmedia":[{"embeddable":true,"href":"https:\/\/www.mpal.mp.br\/index.php?rest_route=\/wp\/v2\/media\/3993"}],"wp:attachment":[{"href":"https:\/\/www.mpal.mp.br\/index.php?rest_route=%2Fwp%2Fv2%2Fmedia&parent=12223"}],"wp:term":[{"taxonomy":"category","embeddable":true,"href":"https:\/\/www.mpal.mp.br\/index.php?rest_route=%2Fwp%2Fv2%2Fcategories&post=12223"},{"taxonomy":"post_tag","embeddable":true,"href":"https:\/\/www.mpal.mp.br\/index.php?rest_route=%2Fwp%2Fv2%2Ftags&post=12223"}],"curies":[{"name":"wp","href":"https:\/\/api.w.org\/{rel}","templated":true}]}}