{"id":12218,"date":"2015-12-10T10:39:04","date_gmt":"2015-12-10T12:39:04","guid":{"rendered":"https:\/\/www.mpal.mp.br\/?p=12218"},"modified":"2022-07-13T10:39:29","modified_gmt":"2022-07-13T13:39:29","slug":"novo-conselho-superior-do-ministerio-publico-tomara-posse-nesta-sexta-feira-11-as-10h-na-sala-dos-colegiados","status":"publish","type":"post","link":"https:\/\/www.mpal.mp.br\/?p=12218","title":{"rendered":"Novo Conselho Superior do Minist\u00e9rio P\u00fablico tomar\u00e1 posse nesta sexta-feira (11), \u00e0s 10h, na Sala dos Colegiados"},"content":{"rendered":"<p style=\"text-align: justify;\"><span style=\"font-size: 14pt;\">A nova composi\u00e7\u00e3o do Conselho Superior do Minist\u00e9rio P\u00fablico Estadual de Alagoas tomar\u00e1 posse na manh\u00e3 desta sexta-feira (11). A sess\u00e3o solene vai ocorrer na Sala de Reuni\u00f5es dos \u00d3rg\u00e3os Colegiados, \u00e0s 10h. Os procuradores que ter\u00e3o assento no Conselho foram eleitos na \u00faltima sexta-feira.<\/span><\/p>\n<p style=\"text-align: justify;\"><span style=\"font-size: 14pt;\">Ser\u00e1 o Col\u00e9gio de Procuradores de Justi\u00e7a que dar\u00e1 posse aos novos conselheiros. Em ato do procurador-geral de Justi\u00e7a, S\u00e9rgio Juc\u00e1, todos os membros que comp\u00f5em o Col\u00e9gio foram convidados para a sess\u00e3o solene, que ocorrer\u00e1 \u00e0s 10h desta sexta-feira.<\/span><\/p>\n<p style=\"text-align: justify;\"><span style=\"font-size: 14pt;\">O Colegiado eleito no dia 04 passado \u00e9 composto pelos procuradores Marcos M\u00e9ro, Walber Jos\u00e9 Valente de Lima, Denise Guimar\u00e3es de Oliveira, M\u00e1rcio Roberto Ten\u00f3rio de Albuquerque e Valter Jos\u00e9 de Omena Acioly. Eles ter\u00e3o mandato que durar\u00e1 todo o ano de 2016. Os procuradores de Justi\u00e7a Geraldo Magela Barbosa Pirau\u00e1 e Luiz Barbosa Carna\u00faba est\u00e3o na condi\u00e7\u00e3o de suplentes.<\/span><\/p>\n<p style=\"text-align: justify;\"><span style=\"font-size: 14pt;\">A elei\u00e7\u00e3o para a escolha da composi\u00e7\u00e3o do novo Conselho Superior do Minist\u00e9rio P\u00fablico ocorreu na \u00faltima sexta-feira, no audit\u00f3rio do pr\u00e9dio-sede do MPE\/AL. Durante todo aquele dia, mais de 120 promotores e procuradores de Justi\u00e7a foram \u00e0s urnas. Al\u00e9m dos membros eleitos, tamb\u00e9m comp\u00f5em o Colegiado o procurador-geral de Justi\u00e7a e o corregedor-geral como membros natos.<\/span><\/p>\n<p style=\"text-align: justify;\"><span style=\"font-size: 14pt;\"><strong>O Conselho<\/strong><\/span><\/p>\n<p style=\"text-align: justify;\"><span style=\"font-size: 14pt;\">Compete ao Conselho Superior do Minist\u00e9rio P\u00fablico, como \u00f3rg\u00e3o de Administra\u00e7\u00e3o Superior: elaborar as listas s\u00eaxtuplas; indicar ao procurador-geral de Justi\u00e7a, em lista tr\u00edplice, os candidatos \u00e0 remo\u00e7\u00e3o e \u00e0 promo\u00e7\u00e3o por merecimento; eleger os membros do Minist\u00e9rio P\u00fablico que integrar\u00e3o a Comiss\u00e3o de Concurso de ingresso na carreira; indicar o nome do mais antigo membro para a remo\u00e7\u00e3o ou promo\u00e7\u00e3o por antiguidade; e aprovar os pedidos de remo\u00e7\u00e3o por permuta entre promotores e procuradores.<\/span><\/p>\n<p style=\"text-align: justify;\"><span style=\"font-size: 14pt;\">O Conselho tamb\u00e9m decide sobre vitaliciamento de membros e determina, por voto de dois ter\u00e7os de seus integrantes, a disponibilidade ou remo\u00e7\u00e3o de membros, por interesse p\u00fablico e conveni\u00eancia do servi\u00e7o, assegurada ampla defesa. Entre outras delibera\u00e7\u00f5es, o Conselho aprecia os pedidos de arquivamento de inqu\u00e9ritos civis p\u00fablicos.<\/span><\/p>\n","protected":false},"excerpt":{"rendered":"<p> [&hellip;]<\/p>\n","protected":false},"author":2,"featured_media":3993,"comment_status":"open","ping_status":"open","sticky":false,"template":"","format":"standard","meta":{"om_disable_all_campaigns":false,"_monsterinsights_skip_tracking":false,"_monsterinsights_sitenote_active":false,"_monsterinsights_sitenote_note":"","_monsterinsights_sitenote_category":0,"_uf_show_specific_survey":0,"_uf_disable_surveys":false,"footnotes":""},"categories":[2],"tags":[],"class_list":["post-12218","post","type-post","status-publish","format-standard","has-post-thumbnail","hentry","category-not_mpal"],"aioseo_notices":[],"_links":{"self":[{"href":"https:\/\/www.mpal.mp.br\/index.php?rest_route=\/wp\/v2\/posts\/12218","targetHints":{"allow":["GET"]}}],"collection":[{"href":"https:\/\/www.mpal.mp.br\/index.php?rest_route=\/wp\/v2\/posts"}],"about":[{"href":"https:\/\/www.mpal.mp.br\/index.php?rest_route=\/wp\/v2\/types\/post"}],"author":[{"embeddable":true,"href":"https:\/\/www.mpal.mp.br\/index.php?rest_route=\/wp\/v2\/users\/2"}],"replies":[{"embeddable":true,"href":"https:\/\/www.mpal.mp.br\/index.php?rest_route=%2Fwp%2Fv2%2Fcomments&post=12218"}],"version-history":[{"count":1,"href":"https:\/\/www.mpal.mp.br\/index.php?rest_route=\/wp\/v2\/posts\/12218\/revisions"}],"predecessor-version":[{"id":12219,"href":"https:\/\/www.mpal.mp.br\/index.php?rest_route=\/wp\/v2\/posts\/12218\/revisions\/12219"}],"wp:featuredmedia":[{"embeddable":true,"href":"https:\/\/www.mpal.mp.br\/index.php?rest_route=\/wp\/v2\/media\/3993"}],"wp:attachment":[{"href":"https:\/\/www.mpal.mp.br\/index.php?rest_route=%2Fwp%2Fv2%2Fmedia&parent=12218"}],"wp:term":[{"taxonomy":"category","embeddable":true,"href":"https:\/\/www.mpal.mp.br\/index.php?rest_route=%2Fwp%2Fv2%2Fcategories&post=12218"},{"taxonomy":"post_tag","embeddable":true,"href":"https:\/\/www.mpal.mp.br\/index.php?rest_route=%2Fwp%2Fv2%2Ftags&post=12218"}],"curies":[{"name":"wp","href":"https:\/\/api.w.org\/{rel}","templated":true}]}}