{"id":12215,"date":"2006-07-10T10:37:29","date_gmt":"2006-07-10T13:37:29","guid":{"rendered":"https:\/\/www.mpal.mp.br\/?p=12215"},"modified":"2022-07-13T10:37:58","modified_gmt":"2022-07-13T13:37:58","slug":"poda-de-arvores-mp-aciona-orgaos-publicos-para-evitar-acidentes","status":"publish","type":"post","link":"https:\/\/www.mpal.mp.br\/?p=12215","title":{"rendered":"Poda de \u00e1rvores: MP aciona \u00f3rg\u00e3os p\u00fablicos para evitar acidentes"},"content":{"rendered":"<p style=\"text-align: justify;\"><span style=\"font-size: 14pt;\">O Minist\u00e9rio P\u00fablico de Alagoas vai realizar, na quinta-feira (13\/7), \u00e0s 14h30, audi\u00eancia para discutir sobre a poda de \u00e1rvores localizadas sob a rede el\u00e9trica da Ceal.<\/span><\/p>\n<p style=\"text-align: justify;\"><span style=\"font-size: 14pt;\">O coordenador da Promotoria de Justi\u00e7a Coletiva Especializada de Defesa do Meio Ambiente, promotor de Justi\u00e7a Afr\u00e2nio Queiroz, convocou representantes da SMCCU, Somurb, Sempma e Ceal para a discuss\u00e3o, que deve resultar na elabora\u00e7\u00e3o de Termo de Ajuste de Conduta (TAC).<\/span><\/p>\n<p style=\"text-align: justify;\"><span style=\"font-size: 14pt;\">Segundo o promotor de Justi\u00e7a, os galhos de \u00e1rvores que est\u00e3o sob as fia\u00e7\u00f5es el\u00e9tricas representam constante perigo \u00e0 popula\u00e7\u00e3o. \u201cA poda das \u00e1rvores tem de ser feita, j\u00e1 que, h\u00e1 risco de danos f\u00edsicos a pessoas e interrup\u00e7\u00e3o de servi\u00e7os\u201d, alertou Queiroz.<\/span><\/p>\n","protected":false},"excerpt":{"rendered":"<p> [&hellip;]<\/p>\n","protected":false},"author":5,"featured_media":12216,"comment_status":"open","ping_status":"open","sticky":false,"template":"","format":"standard","meta":{"om_disable_all_campaigns":false,"_monsterinsights_skip_tracking":false,"_monsterinsights_sitenote_active":false,"_monsterinsights_sitenote_note":"","_monsterinsights_sitenote_category":0,"_uf_show_specific_survey":0,"_uf_disable_surveys":false,"footnotes":""},"categories":[2],"tags":[],"class_list":["post-12215","post","type-post","status-publish","format-standard","has-post-thumbnail","hentry","category-not_mpal"],"aioseo_notices":[],"_links":{"self":[{"href":"https:\/\/www.mpal.mp.br\/index.php?rest_route=\/wp\/v2\/posts\/12215","targetHints":{"allow":["GET"]}}],"collection":[{"href":"https:\/\/www.mpal.mp.br\/index.php?rest_route=\/wp\/v2\/posts"}],"about":[{"href":"https:\/\/www.mpal.mp.br\/index.php?rest_route=\/wp\/v2\/types\/post"}],"author":[{"embeddable":true,"href":"https:\/\/www.mpal.mp.br\/index.php?rest_route=\/wp\/v2\/users\/5"}],"replies":[{"embeddable":true,"href":"https:\/\/www.mpal.mp.br\/index.php?rest_route=%2Fwp%2Fv2%2Fcomments&post=12215"}],"version-history":[{"count":1,"href":"https:\/\/www.mpal.mp.br\/index.php?rest_route=\/wp\/v2\/posts\/12215\/revisions"}],"predecessor-version":[{"id":12217,"href":"https:\/\/www.mpal.mp.br\/index.php?rest_route=\/wp\/v2\/posts\/12215\/revisions\/12217"}],"wp:featuredmedia":[{"embeddable":true,"href":"https:\/\/www.mpal.mp.br\/index.php?rest_route=\/wp\/v2\/media\/12216"}],"wp:attachment":[{"href":"https:\/\/www.mpal.mp.br\/index.php?rest_route=%2Fwp%2Fv2%2Fmedia&parent=12215"}],"wp:term":[{"taxonomy":"category","embeddable":true,"href":"https:\/\/www.mpal.mp.br\/index.php?rest_route=%2Fwp%2Fv2%2Fcategories&post=12215"},{"taxonomy":"post_tag","embeddable":true,"href":"https:\/\/www.mpal.mp.br\/index.php?rest_route=%2Fwp%2Fv2%2Ftags&post=12215"}],"curies":[{"name":"wp","href":"https:\/\/api.w.org\/{rel}","templated":true}]}}