{"id":12200,"date":"2016-12-09T10:30:51","date_gmt":"2016-12-09T12:30:51","guid":{"rendered":"https:\/\/www.mpal.mp.br\/?p=12200"},"modified":"2022-07-13T10:32:25","modified_gmt":"2022-07-13T13:32:25","slug":"promotores-e-procuradores-de-justica-elegem-o-novo-conselho-superior-do-ministerio-publico","status":"publish","type":"post","link":"https:\/\/www.mpal.mp.br\/?p=12200","title":{"rendered":"Promotores e procuradores de Justi\u00e7a elegem o novo Conselho Superior do Minist\u00e9rio P\u00fablico"},"content":{"rendered":"<p style=\"text-align: justify;\"><span style=\"font-size: 14pt;\">Promotores e procuradores de Justi\u00e7a do Minist\u00e9rio P\u00fablico do Estado de Alagoas escolheram, nesta sexta-feira (9), os cinco novos membros do Conselho Superior da institui\u00e7\u00e3o. A elei\u00e7\u00e3o ocorreu no audit\u00f3rio Edgar Valente de Lima, no pr\u00e9dio-sede da Procuradoria Geral de Justi\u00e7a, no Po\u00e7o, das 9h \u00e0s 17h.<\/span><\/p>\n<p style=\"text-align: justify;\"><span style=\"font-size: 14pt;\">Encerrada a vota\u00e7\u00e3o, a Comiss\u00e3o Eleitoral faz a computa\u00e7\u00e3o dos votos e anunciou o resultado dos eleitos. Dentre outras atribui\u00e7\u00f5es, compete ao Conselho promover e remover promotores de Justi\u00e7a de uma Promotoria de Justi\u00e7a para outra e apreciar pedidos de arquivamento de inqu\u00e9ritos civis p\u00fablicos.<\/span><\/p>\n<p style=\"text-align: justify;\"><span style=\"font-size: 14pt;\">A elei\u00e7\u00e3o foi disputada por sete procuradores de Justi\u00e7a e, ao final, foram eleitos Dilmar Lopes Camerino (103 votos), Geraldo Magela Barbosa Pirau\u00e1 (90 votos), Valter Jos\u00e9 de Omena Acioly (84 votos), Anti\u00f3genes Marques de Lira (64 votos) e Luiz Barbosa Carna\u00faba, (63 votos). Os procuradores Lean Ant\u00f4nio Ferreira de Ara\u00fajo e Eduardo Tavares Mendes tamb\u00e9m concorreram \u00a0a um assento no Conselho Superior.<\/span><\/p>\n<p style=\"text-align: justify;\"><span style=\"font-size: 14pt;\">Durante todo o dia, a vota\u00e7\u00e3o foi acompanhada pela Comiss\u00e3o Eleitoral, que teve como presidente o procurador-geral de Justi\u00e7a, S\u00e9rgio Juc\u00e1. Tamb\u00e9m a compuseram os promotores de Justi\u00e7a Isaac Sandes Dias, Almir Jos\u00e9 Cresc\u00eancio e Luciano Romero da Matta Monteiro.<\/span><\/p>\n<p style=\"text-align: justify;\"><span style=\"font-size: 14pt;\">O mandato da pr\u00f3xima composi\u00e7\u00e3o do Conselho Superior ser\u00e1 de um ano.<\/span><\/p>\n<p style=\"text-align: justify;\"><span style=\"font-size: 14pt;\"><strong>O Conselho<\/strong><\/span><\/p>\n<p style=\"text-align: justify;\"><span style=\"font-size: 14pt;\">Compete ao Conselho Superior do Minist\u00e9rio P\u00fablico, como \u00f3rg\u00e3o de Administra\u00e7\u00e3o Superior: elaborar as listas s\u00eaxtuplas; indicar ao procurador-geral de Justi\u00e7a, em lista tr\u00edplice, os candidatos \u00e0 remo\u00e7\u00e3o e \u00e0 promo\u00e7\u00e3o por merecimento; eleger os membros do Minist\u00e9rio P\u00fablico que integrar\u00e3o a Comiss\u00e3o de Concurso de ingresso na carreira; indicar o nome do mais antigo membro para a remo\u00e7\u00e3o ou promo\u00e7\u00e3o por antiguidade; e aprovar os pedidos de remo\u00e7\u00e3o por permuta entre promotores e procuradores.<\/span><\/p>\n<p style=\"text-align: justify;\"><span style=\"font-size: 14pt;\">O Conselho tamb\u00e9m decide sobre vitaliciamento de membros e determina, por voto de dois ter\u00e7os de seus integrantes, a disponibilidade ou remo\u00e7\u00e3o de membros, por interesse p\u00fablico e conveni\u00eancia do servi\u00e7o, assegurada ampla defesa. Entre outras delibera\u00e7\u00f5es, o Conselho aprecia os pedidos de arquivamento de inqu\u00e9ritos civis p\u00fablicos.<\/span><\/p>\n","protected":false},"excerpt":{"rendered":"<p> [&hellip;]<\/p>\n","protected":false},"author":2,"featured_media":12202,"comment_status":"open","ping_status":"open","sticky":false,"template":"","format":"standard","meta":{"om_disable_all_campaigns":false,"_monsterinsights_skip_tracking":false,"_monsterinsights_sitenote_active":false,"_monsterinsights_sitenote_note":"","_monsterinsights_sitenote_category":0,"_uf_show_specific_survey":0,"_uf_disable_surveys":false,"footnotes":""},"categories":[2],"tags":[],"class_list":["post-12200","post","type-post","status-publish","format-standard","has-post-thumbnail","hentry","category-not_mpal"],"aioseo_notices":[],"_links":{"self":[{"href":"https:\/\/www.mpal.mp.br\/index.php?rest_route=\/wp\/v2\/posts\/12200","targetHints":{"allow":["GET"]}}],"collection":[{"href":"https:\/\/www.mpal.mp.br\/index.php?rest_route=\/wp\/v2\/posts"}],"about":[{"href":"https:\/\/www.mpal.mp.br\/index.php?rest_route=\/wp\/v2\/types\/post"}],"author":[{"embeddable":true,"href":"https:\/\/www.mpal.mp.br\/index.php?rest_route=\/wp\/v2\/users\/2"}],"replies":[{"embeddable":true,"href":"https:\/\/www.mpal.mp.br\/index.php?rest_route=%2Fwp%2Fv2%2Fcomments&post=12200"}],"version-history":[{"count":1,"href":"https:\/\/www.mpal.mp.br\/index.php?rest_route=\/wp\/v2\/posts\/12200\/revisions"}],"predecessor-version":[{"id":12204,"href":"https:\/\/www.mpal.mp.br\/index.php?rest_route=\/wp\/v2\/posts\/12200\/revisions\/12204"}],"wp:featuredmedia":[{"embeddable":true,"href":"https:\/\/www.mpal.mp.br\/index.php?rest_route=\/wp\/v2\/media\/12202"}],"wp:attachment":[{"href":"https:\/\/www.mpal.mp.br\/index.php?rest_route=%2Fwp%2Fv2%2Fmedia&parent=12200"}],"wp:term":[{"taxonomy":"category","embeddable":true,"href":"https:\/\/www.mpal.mp.br\/index.php?rest_route=%2Fwp%2Fv2%2Fcategories&post=12200"},{"taxonomy":"post_tag","embeddable":true,"href":"https:\/\/www.mpal.mp.br\/index.php?rest_route=%2Fwp%2Fv2%2Ftags&post=12200"}],"curies":[{"name":"wp","href":"https:\/\/api.w.org\/{rel}","templated":true}]}}