{"id":12195,"date":"2006-07-31T10:28:41","date_gmt":"2006-07-31T13:28:41","guid":{"rendered":"https:\/\/www.mpal.mp.br\/?p=12195"},"modified":"2022-07-13T10:29:23","modified_gmt":"2022-07-13T13:29:23","slug":"secretario-de-justica-e-defesa-social-reafirma-apoio-a-promotor-de-justica-ameacado","status":"publish","type":"post","link":"https:\/\/www.mpal.mp.br\/?p=12195","title":{"rendered":"Secret\u00e1rio de Justi\u00e7a e Defesa Social reafirma apoio a promotor de Justi\u00e7a amea\u00e7ado"},"content":{"rendered":"<p style=\"text-align: justify;\"><span style=\"font-size: 14pt;\">O secret\u00e1rio de Justi\u00e7a e Defesa Social de Alagoas, coronel Ronaldo Santos, reafirmou todo o empenho do governo de Alagoas para o esclarecimento do suposto atentado contra o promotor de Justi\u00e7a de Olho d&#8217; \u00c1gua das Flores, Lu\u00eds Ten\u00f3rio, ocorrido na \u00faltima ter\u00e7a-feira.<\/span><\/p>\n<p style=\"text-align: justify;\"><span style=\"font-size: 14pt;\">No in\u00edcio da noite desta segunda-feira, o procurador-geral de Justi\u00e7a, Coaracy Fonseca , o presidente da Ampal, Alberto Fonseca, o juiz da Comarca de Olho d&#8217; \u00c1gua das Flores e o promotor de Justi\u00e7a amea\u00e7ado reuniram-se com Santos para discutir detalhes de uma opera\u00e7\u00e3o para recaptura do pistoleiro Lausio Louren\u00e7o de Lima, que pode estar ligado ao atentado.<\/span><\/p>\n","protected":false},"excerpt":{"rendered":"<p> [&hellip;]<\/p>\n","protected":false},"author":5,"featured_media":12197,"comment_status":"open","ping_status":"open","sticky":false,"template":"","format":"standard","meta":{"om_disable_all_campaigns":false,"_monsterinsights_skip_tracking":false,"_monsterinsights_sitenote_active":false,"_monsterinsights_sitenote_note":"","_monsterinsights_sitenote_category":0,"_uf_show_specific_survey":0,"_uf_disable_surveys":false,"footnotes":""},"categories":[2],"tags":[],"class_list":["post-12195","post","type-post","status-publish","format-standard","has-post-thumbnail","hentry","category-not_mpal"],"aioseo_notices":[],"_links":{"self":[{"href":"https:\/\/www.mpal.mp.br\/index.php?rest_route=\/wp\/v2\/posts\/12195","targetHints":{"allow":["GET"]}}],"collection":[{"href":"https:\/\/www.mpal.mp.br\/index.php?rest_route=\/wp\/v2\/posts"}],"about":[{"href":"https:\/\/www.mpal.mp.br\/index.php?rest_route=\/wp\/v2\/types\/post"}],"author":[{"embeddable":true,"href":"https:\/\/www.mpal.mp.br\/index.php?rest_route=\/wp\/v2\/users\/5"}],"replies":[{"embeddable":true,"href":"https:\/\/www.mpal.mp.br\/index.php?rest_route=%2Fwp%2Fv2%2Fcomments&post=12195"}],"version-history":[{"count":1,"href":"https:\/\/www.mpal.mp.br\/index.php?rest_route=\/wp\/v2\/posts\/12195\/revisions"}],"predecessor-version":[{"id":12198,"href":"https:\/\/www.mpal.mp.br\/index.php?rest_route=\/wp\/v2\/posts\/12195\/revisions\/12198"}],"wp:featuredmedia":[{"embeddable":true,"href":"https:\/\/www.mpal.mp.br\/index.php?rest_route=\/wp\/v2\/media\/12197"}],"wp:attachment":[{"href":"https:\/\/www.mpal.mp.br\/index.php?rest_route=%2Fwp%2Fv2%2Fmedia&parent=12195"}],"wp:term":[{"taxonomy":"category","embeddable":true,"href":"https:\/\/www.mpal.mp.br\/index.php?rest_route=%2Fwp%2Fv2%2Fcategories&post=12195"},{"taxonomy":"post_tag","embeddable":true,"href":"https:\/\/www.mpal.mp.br\/index.php?rest_route=%2Fwp%2Fv2%2Ftags&post=12195"}],"curies":[{"name":"wp","href":"https:\/\/api.w.org\/{rel}","templated":true}]}}