{"id":12181,"date":"2006-08-08T10:24:13","date_gmt":"2006-08-08T13:24:13","guid":{"rendered":"https:\/\/www.mpal.mp.br\/?p=12181"},"modified":"2022-07-13T10:25:21","modified_gmt":"2022-07-13T13:25:21","slug":"integrantes-de-mps-dos-estados-e-do-df-vao-debater-situacao-de-criancas-e-adolescentes","status":"publish","type":"post","link":"https:\/\/www.mpal.mp.br\/?p=12181","title":{"rendered":"Integrantes de MPs dos Estados e do DF v\u00e3o debater situa\u00e7\u00e3o de crian\u00e7as e adolescentes"},"content":{"rendered":"<p style=\"text-align: justify;\"><span style=\"font-size: 14pt;\">O Minist\u00e9rio P\u00fablico de Alagoas vai sediar, a partir desta quarta-feira (9\/8), o 7\u00ba Encontro do F\u00f3rum Nacional de Coordenadores de Centros de Apoio da Inf\u00e2ncia e Juventude dos Minist\u00e9rios P\u00fablicos dos Estados e do Distrito Federal (Foncaij). O evento acontece at\u00e9 a pr\u00f3xima sexta-feira, no audit\u00f3rio do Macei\u00f3 Mar Hotel.<\/span><\/p>\n<p style=\"text-align: justify;\"><span style=\"font-size: 14pt;\">De acordo como o coordenador do N\u00facleo de Defesa dos Direitos da Inf\u00e2ncia e Juventude do MP de Alagoas, Ubirajara Ramos, at\u00e9 a sexta-feira, v\u00e3o ser discutidas quest\u00f5es relacionadas a Conselhos de Direitos e Tutelares, a adolescentes em conflito com a lei; a crian\u00e7as e adolescentes em situa\u00e7\u00e3o de risco; ao direito \u00e0 educa\u00e7\u00e3o; ao direito \u00e0 sa\u00fade e ao enfrentamento \u00e0 viol\u00eancia e explora\u00e7\u00e3o sexual.<\/span><\/p>\n<p style=\"text-align: justify;\"><span style=\"font-size: 14pt;\">Segundo Ramos, o objetivo do encontro \u00e9 estabelecer estrat\u00e9gias para uma a\u00e7\u00e3o uniforme do Minist\u00e9rio P\u00fablico brasileiro na defesa dos direitos fundamentais de crian\u00e7as e adolescentes e defini\u00e7\u00e3o de prioridades.<\/span><\/p>\n<p style=\"text-align: justify;\"><span style=\"font-size: 14pt;\">\u201cO Minist\u00e9rio P\u00fablico e a garantia de prioridade absoluta \u00e0 crian\u00e7a e ao adolescente: estrat\u00e9gias de pol\u00edtica institucional\u201d \u00e9 o tema da palestra de abertura, que ser\u00e1 proferida pelo procurador-geral de Justi\u00e7a do MP de Pernambuco e presidente do Conselho Nacional de Procuradores-Gerais do MP dos Estados e da Uni\u00e3o, Francisco Sales de Albuquerque.<\/span><\/p>\n<p style=\"text-align: justify;\"><span style=\"font-size: 14pt;\">Confira a programa\u00e7\u00e3o<\/span><\/p>\n<p style=\"text-align: justify;\"><span style=\"font-size: 14pt;\">Dia 09\/08\/2006<\/span><\/p>\n<p style=\"text-align: justify;\"><span style=\"font-size: 14pt;\">14h Apresenta\u00e7\u00e3o de Experi\u00eancias Exitosas \u2013 15min para cada MP que encaminhou inscri\u00e7\u00e3o pr\u00e9via e material.<\/span><\/p>\n<p style=\"text-align: justify;\"><span style=\"font-size: 14pt;\">17h30min Intervalo<\/span><\/p>\n<p style=\"text-align: justify;\"><span style=\"font-size: 14pt;\">19h30min Abertura oficial<\/span><\/p>\n<p style=\"text-align: justify;\"><span style=\"font-size: 14pt;\">O Minist\u00e9rio P\u00fablico e a garantia de prioridade absoluta \u00e0 crian\u00e7a e ao adolescente: estrat\u00e9gias de pol\u00edtica institucional &#8211; FRANCISCO SALES DE ALBUQUERQUE \u2013 Procurador-Geral de Justi\u00e7a do Estado de Pernambuco Presidente do Conselho Nacional de Procuradores-Gerais do Minist\u00e9rio P\u00fablico dos Estados e da Uni\u00e3o &#8211; CNPG.<\/span><\/p>\n<p style=\"text-align: justify;\"><span style=\"font-size: 14pt;\">Dia 10\/08\/2006<\/span><\/p>\n<p style=\"text-align: justify;\"><span style=\"font-size: 14pt;\">8h30min Apresenta\u00e7\u00e3o dos participantes e esclarecimentos iniciais. Reuni\u00e3o Preparat\u00f3ria das Comiss\u00f5es de Trabalho.<\/span><\/p>\n<p style=\"text-align: justify;\"><span style=\"font-size: 14pt;\">10h Cooffee Break<\/span><\/p>\n<p style=\"text-align: justify;\"><span style=\"font-size: 14pt;\">10h15min F\u00f3rum de discuss\u00e3o acerca de temas afetos \u00e0 Inf\u00e2ncia e Juventude.<\/span><\/p>\n<p style=\"text-align: justify;\"><span style=\"font-size: 14pt;\">12h30min Almo\u00e7o<\/span><\/p>\n<p style=\"text-align: justify;\"><span style=\"font-size: 14pt;\">14h30min<\/span><\/p>\n<p style=\"text-align: justify;\"><span style=\"font-size: 14pt;\">Apresenta\u00e7\u00e3o da atua\u00e7\u00e3o das comiss\u00f5es de trabalho do FONCAIJ.<\/span><\/p>\n<p style=\"text-align: justify;\"><span style=\"font-size: 14pt;\">Proposta b\u00e1sica de sistematiza\u00e7\u00e3o (vari\u00e1vel de acordo com o tema): 15minutos para introdu\u00e7\u00e3o da tem\u00e1tica, a ser feita pelo coordenador da Comiss\u00e3o ou por algum dos participantes. 30min para discuss\u00e3o e 15min para delibera\u00e7\u00f5es.<\/span><\/p>\n<p style=\"text-align: justify;\"><span style=\"font-size: 14pt;\">A \u2013 Comiss\u00e3o de Conselhos de Direitos e Conselhos Tutelares. Avalia\u00e7\u00e3o, encaminhamentos e proposi\u00e7\u00f5es.<\/span><\/p>\n<p style=\"text-align: justify;\"><span style=\"font-size: 14pt;\">Composi\u00e7\u00e3o: MG(Coordena\u00e7\u00e3o), PR, RN, RO, MA, PE e MS (a confirmar)<\/span><\/p>\n<p style=\"text-align: justify;\"><span style=\"font-size: 14pt;\">15h30min<\/span><\/p>\n<p style=\"text-align: justify;\"><span style=\"font-size: 14pt;\">B \u2013 Adolescente em Conflito com a Lei. Avalia\u00e7\u00e3o, encaminhamentos e proposi\u00e7\u00f5es.<\/span><\/p>\n<p style=\"text-align: justify;\"><span style=\"font-size: 14pt;\">Composi\u00e7\u00e3o: DF(Coordena\u00e7\u00e3o), RN, PR, RJ e GO<\/span><\/p>\n<p style=\"text-align: justify;\"><span style=\"font-size: 14pt;\">16h15min Cooffee Break<\/span><\/p>\n<p style=\"text-align: justify;\"><span style=\"font-size: 14pt;\">16h30min<\/span><\/p>\n<p style=\"text-align: justify;\"><span style=\"font-size: 14pt;\">C \u2013 Comiss\u00e3o Crian\u00e7a e Adolescente em Situa\u00e7\u00e3o de Rua. Avalia\u00e7\u00e3o, encaminhamentos e proposi\u00e7\u00f5es.<\/span><\/p>\n<p style=\"text-align: justify;\"><span style=\"font-size: 14pt;\">Composi\u00e7\u00e3o: RJ(Coordena\u00e7\u00e3o),PA, PE, SP e SE<\/span><\/p>\n<p style=\"text-align: justify;\"><span style=\"font-size: 14pt;\">17h30min<\/span><\/p>\n<p style=\"text-align: justify;\"><span style=\"font-size: 14pt;\">D &#8211; Comiss\u00e3o Pela Garantia do Direito \u00e0 Educa\u00e7\u00e3o. Avalia\u00e7\u00e3o, encaminhamentos e proposi\u00e7\u00f5es.<\/span><\/p>\n<p style=\"text-align: justify;\"><span style=\"font-size: 14pt;\">Composi\u00e7\u00e3o: SC (Coordena\u00e7\u00e3o), CE, GO, MA, RO, RR e MT<\/span><\/p>\n<p style=\"text-align: justify;\"><span style=\"font-size: 14pt;\">18h30min<\/span><\/p>\n<p style=\"text-align: justify;\"><span style=\"font-size: 14pt;\">E &#8211; Comiss\u00e3o Pela Garantia do Direito \u00e0 Educa\u00e7\u00e3o. Avalia\u00e7\u00e3o, encaminhamentos e proposi\u00e7\u00f5es.<\/span><\/p>\n<p style=\"text-align: justify;\"><span style=\"font-size: 14pt;\">Composi\u00e7\u00e3o: SC (Coordena\u00e7\u00e3o), CE, GO, MA, RO, RR e MT.<\/span><\/p>\n<p style=\"text-align: justify;\"><span style=\"font-size: 14pt;\">Dia 11\/08\/2006<\/span><\/p>\n<p style=\"text-align: justify;\"><span style=\"font-size: 14pt;\">8h<\/span><\/p>\n<p style=\"text-align: justify;\"><span style=\"font-size: 14pt;\">F &#8211; Comiss\u00e3o de Acompanhamento Legislativo. Avalia\u00e7\u00e3o, encaminhamentos e proposi\u00e7\u00f5es.<\/span><\/p>\n<p style=\"text-align: justify;\"><span style=\"font-size: 14pt;\">Composi\u00e7\u00e3o: DF (Coordena\u00e7\u00e3o), GO, MG e RJ.<\/span><\/p>\n<p style=\"text-align: justify;\"><span style=\"font-size: 14pt;\">9h<\/span><\/p>\n<p style=\"text-align: justify;\"><span style=\"font-size: 14pt;\">G \u2013 Comiss\u00e3o de Acompanhamento Jurisprudencial. Avalia\u00e7\u00e3o, encaminhamentos e proposi\u00e7\u00f5es.<\/span><\/p>\n<p style=\"text-align: justify;\"><span style=\"font-size: 14pt;\">Composi\u00e7\u00e3o: PR (Coordena\u00e7\u00e3o), SC e SP.<\/span><\/p>\n<p style=\"text-align: justify;\"><span style=\"font-size: 14pt;\">9h30min<\/span><\/p>\n<p style=\"text-align: justify;\"><span style=\"font-size: 14pt;\">H \u2013 Comiss\u00e3o de Direito \u00e0 Conviv\u00eancia Familiar. Avalia\u00e7\u00e3o, encaminhamentos e proposi\u00e7\u00f5es.<\/span><\/p>\n<p style=\"text-align: justify;\"><span style=\"font-size: 14pt;\">Composi\u00e7\u00e3o: AC (Coordena\u00e7\u00e3o), SC, BA, MG, ES, PE, DF e SE.<\/span><\/p>\n<p style=\"text-align: justify;\"><span style=\"font-size: 14pt;\">10h15min Cooffee Break<\/span><\/p>\n<p style=\"text-align: justify;\"><span style=\"font-size: 14pt;\">10h30min<\/span><\/p>\n<p style=\"text-align: justify;\"><span style=\"font-size: 14pt;\">I \u2013 Comiss\u00e3o de Enfretamento \u00e0 Viol\u00eancia e Explora\u00e7\u00e3o Sexual contra Crian\u00e7as e Adolescentes. Avalia\u00e7\u00e3o, encaminhamentos e proposi\u00e7\u00f5es.<\/span><\/p>\n<p style=\"text-align: justify;\"><span style=\"font-size: 14pt;\">Composi\u00e7\u00e3o: ES (Coordena\u00e7\u00e3o), RN, TO, RR, PA, DF e MS.<\/span><\/p>\n<p style=\"text-align: justify;\"><span style=\"font-size: 14pt;\">11h30min<\/span><\/p>\n<p style=\"text-align: justify;\"><span style=\"font-size: 14pt;\">J \u2013 Comiss\u00e3o Pela Garantia do Direito \u00e0 Sa\u00fade. Avalia\u00e7\u00e3o, encaminhamentos e proposi\u00e7\u00f5es.<\/span><\/p>\n<p style=\"text-align: justify;\"><span style=\"font-size: 14pt;\">Composi\u00e7\u00e3o: AL (Coordena\u00e7\u00e3o), TO e MG.<\/span><\/p>\n<p style=\"text-align: justify;\"><span style=\"font-size: 14pt;\">12h30min Almo\u00e7o<\/span><\/p>\n<p style=\"text-align: justify;\"><span style=\"font-size: 14pt;\">14h30min F\u00f3rum de discuss\u00e3o acerca de temas afetos \u00e0 Inf\u00e2ncia e Juventude.<\/span><\/p>\n<p style=\"text-align: justify;\"><span style=\"font-size: 14pt;\">17h Escolha do novo Coordenador-Geral do FONCAIJ e Encerramento.<\/span><\/p>\n","protected":false},"excerpt":{"rendered":"<p> [&hellip;]<\/p>\n","protected":false},"author":5,"featured_media":12183,"comment_status":"open","ping_status":"open","sticky":false,"template":"","format":"standard","meta":{"om_disable_all_campaigns":false,"_monsterinsights_skip_tracking":false,"_monsterinsights_sitenote_active":false,"_monsterinsights_sitenote_note":"","_monsterinsights_sitenote_category":0,"_uf_show_specific_survey":0,"_uf_disable_surveys":false,"footnotes":""},"categories":[2],"tags":[],"class_list":["post-12181","post","type-post","status-publish","format-standard","has-post-thumbnail","hentry","category-not_mpal"],"aioseo_notices":[],"_links":{"self":[{"href":"https:\/\/www.mpal.mp.br\/index.php?rest_route=\/wp\/v2\/posts\/12181","targetHints":{"allow":["GET"]}}],"collection":[{"href":"https:\/\/www.mpal.mp.br\/index.php?rest_route=\/wp\/v2\/posts"}],"about":[{"href":"https:\/\/www.mpal.mp.br\/index.php?rest_route=\/wp\/v2\/types\/post"}],"author":[{"embeddable":true,"href":"https:\/\/www.mpal.mp.br\/index.php?rest_route=\/wp\/v2\/users\/5"}],"replies":[{"embeddable":true,"href":"https:\/\/www.mpal.mp.br\/index.php?rest_route=%2Fwp%2Fv2%2Fcomments&post=12181"}],"version-history":[{"count":1,"href":"https:\/\/www.mpal.mp.br\/index.php?rest_route=\/wp\/v2\/posts\/12181\/revisions"}],"predecessor-version":[{"id":12184,"href":"https:\/\/www.mpal.mp.br\/index.php?rest_route=\/wp\/v2\/posts\/12181\/revisions\/12184"}],"wp:featuredmedia":[{"embeddable":true,"href":"https:\/\/www.mpal.mp.br\/index.php?rest_route=\/wp\/v2\/media\/12183"}],"wp:attachment":[{"href":"https:\/\/www.mpal.mp.br\/index.php?rest_route=%2Fwp%2Fv2%2Fmedia&parent=12181"}],"wp:term":[{"taxonomy":"category","embeddable":true,"href":"https:\/\/www.mpal.mp.br\/index.php?rest_route=%2Fwp%2Fv2%2Fcategories&post=12181"},{"taxonomy":"post_tag","embeddable":true,"href":"https:\/\/www.mpal.mp.br\/index.php?rest_route=%2Fwp%2Fv2%2Ftags&post=12181"}],"curies":[{"name":"wp","href":"https:\/\/api.w.org\/{rel}","templated":true}]}}