{"id":12176,"date":"2006-08-14T10:22:54","date_gmt":"2006-08-14T13:22:54","guid":{"rendered":"https:\/\/www.mpal.mp.br\/?p=12176"},"modified":"2022-07-13T10:23:33","modified_gmt":"2022-07-13T13:23:33","slug":"infancia-e-juventude-crystine-sanches-e-eleita-presidente-do-foncaij","status":"publish","type":"post","link":"https:\/\/www.mpal.mp.br\/?p=12176","title":{"rendered":"Inf\u00e2ncia e Juventude: Crystine Sanches \u00e9 eleita presidente do Foncaij"},"content":{"rendered":"<p style=\"text-align: justify;\"><span style=\"font-size: 14pt;\">A promotora de Justi\u00e7a Crystine Helen Corr\u00eaa Sanches, coordenadora do Centro de Apoio Operacional da Inf\u00e2ncia e Juventude do Minist\u00e9rio P\u00fablico de Santa Catarina, \u00e9 a nova presidente do F\u00f3rum Nacional de Coordenadores de Centros de Apoio da Inf\u00e2ncia e Juventude dos Minist\u00e9rios P\u00fablicos dos Estados e do Distrito Federal (Foncaij). Crystine foi eleita, durante a reuni\u00e3o do F\u00f3rum, sediada pelo Minist\u00e9rio P\u00fablico de Alagoas, encerrado na \u00faltima sexta-feira (11\/08).<\/span><\/p>\n<p style=\"text-align: justify;\"><span style=\"font-size: 14pt;\">O evento contou com a participa\u00e7\u00e3o de integrantes dos Minist\u00e9rios P\u00fablicos do Rio Grande do Sul, Santa Catarina, Paran\u00e1, Mato Grosso do Sul, Roraima, Amap\u00e1, Tocantins, Rio de Janeiro, S\u00e3o Paulo, Esp\u00edrito Santo, Distrito Federal, Minas Gerais, Goi\u00e1s, Pernambuco, Rio Grande do Norte, Sergipe, Cear\u00e1 , Maranh\u00e3o, Bahia e Piau\u00ed, Direitos Humanos.<\/span><\/p>\n<p style=\"text-align: justify;\"><span style=\"font-size: 14pt;\">O MP alagoano foi representado pelo corregedor-geral de Justi\u00e7a, Lean Ara\u00fajo, pelo coordenador do 2\u00ba Centro de Apoio Operacional, Geraldo Magela, e pelo coordenador do N\u00facleo de Defesa dos Direitos da Inf\u00e2ncia e Juventude, Ubirajara Ramos, que deram as boas-vindas aos integrantes do Foncaij em nome do procurador-geral de Justi\u00e7a, Coaracy Fonseca. O evento contou ainda com a presen\u00e7a do presidente do Conselho Nacional dos Procuradores-Gerais, Francisco Sales de Albuquerque, do MP pernambucano, e a presidente A presidente da Associa\u00e7\u00e3o dos magistrados da Inf\u00e2ncia e Juventude, Laila Shukair.<\/span><\/p>\n<p style=\"text-align: justify;\"><span style=\"font-size: 14pt;\">Na abertura solene, o presidente do Conselho Nacional dos Procuradores-Gerais falou sobre a import\u00e2ncia da integra\u00e7\u00e3o de todos os ramos do Minist\u00e9rio P\u00fablico Brasileiro na consecu\u00e7\u00e3o das pol\u00edticas p\u00fablicas de promo\u00e7\u00e3o e defesa dos direitos humanos da crian\u00e7a e do adolescente, respeitadas as especificidades locais.<\/span><\/p>\n<p style=\"text-align: justify;\"><span style=\"font-size: 14pt;\">Sales tamb\u00e9m enfatizou que o Minist\u00e9rio P\u00fablico deve exercer maior protagonismo na exig\u00eancia, por parte dos governos, do cumprimento dos tratados em mat\u00e9ria de promo\u00e7\u00e3o e defesa dos direitos humanos da crian\u00e7a e do adolescente que o Brasil \u00e9 parte, al\u00e9m de fortalecer o controle social e a parceria com a sociedade civil organizada.<\/span><\/p>\n<p style=\"text-align: justify;\"><span style=\"font-size: 14pt;\">Durante os tr\u00eas dias de discuss\u00e3o, os participantes trocaram experi\u00eancias e sugeriram a\u00e7\u00f5es quanto \u00e0 atua\u00e7\u00e3o do MP em rela\u00e7\u00e3o aos Conselhos de Direitos e Tutelares, a adolescentes em conflito com a lei; a crian\u00e7as e adolescentes em situa\u00e7\u00e3o de risco; ao direito \u00e0 educa\u00e7\u00e3o; ao direito \u00e0 sa\u00fade e ao enfrentamento \u00e0 viol\u00eancia e explora\u00e7\u00e3o sexual. \u201cTivemos uma excelente oportunidade para refletir sobre o nosso papel e estabelecer estrat\u00e9gias para uma a\u00e7\u00e3o uniforme do Minist\u00e9rio P\u00fablico brasileiro na defesa dos direitos fundamentais de crian\u00e7as e adolescentes, bem como, para defini\u00e7\u00e3o de prioridades\u201d, avaliou o coordenador do N\u00facleo de Defesa dos Direitos da Inf\u00e2ncia e Juventude do MP de Alagoas, Ubirajara Ramos.<\/span><\/p>\n","protected":false},"excerpt":{"rendered":"<p> [&hellip;]<\/p>\n","protected":false},"author":5,"featured_media":12178,"comment_status":"open","ping_status":"open","sticky":false,"template":"","format":"standard","meta":{"om_disable_all_campaigns":false,"_monsterinsights_skip_tracking":false,"_monsterinsights_sitenote_active":false,"_monsterinsights_sitenote_note":"","_monsterinsights_sitenote_category":0,"_uf_show_specific_survey":0,"_uf_disable_surveys":false,"footnotes":""},"categories":[2],"tags":[],"class_list":["post-12176","post","type-post","status-publish","format-standard","has-post-thumbnail","hentry","category-not_mpal"],"aioseo_notices":[],"_links":{"self":[{"href":"https:\/\/www.mpal.mp.br\/index.php?rest_route=\/wp\/v2\/posts\/12176","targetHints":{"allow":["GET"]}}],"collection":[{"href":"https:\/\/www.mpal.mp.br\/index.php?rest_route=\/wp\/v2\/posts"}],"about":[{"href":"https:\/\/www.mpal.mp.br\/index.php?rest_route=\/wp\/v2\/types\/post"}],"author":[{"embeddable":true,"href":"https:\/\/www.mpal.mp.br\/index.php?rest_route=\/wp\/v2\/users\/5"}],"replies":[{"embeddable":true,"href":"https:\/\/www.mpal.mp.br\/index.php?rest_route=%2Fwp%2Fv2%2Fcomments&post=12176"}],"version-history":[{"count":1,"href":"https:\/\/www.mpal.mp.br\/index.php?rest_route=\/wp\/v2\/posts\/12176\/revisions"}],"predecessor-version":[{"id":12179,"href":"https:\/\/www.mpal.mp.br\/index.php?rest_route=\/wp\/v2\/posts\/12176\/revisions\/12179"}],"wp:featuredmedia":[{"embeddable":true,"href":"https:\/\/www.mpal.mp.br\/index.php?rest_route=\/wp\/v2\/media\/12178"}],"wp:attachment":[{"href":"https:\/\/www.mpal.mp.br\/index.php?rest_route=%2Fwp%2Fv2%2Fmedia&parent=12176"}],"wp:term":[{"taxonomy":"category","embeddable":true,"href":"https:\/\/www.mpal.mp.br\/index.php?rest_route=%2Fwp%2Fv2%2Fcategories&post=12176"},{"taxonomy":"post_tag","embeddable":true,"href":"https:\/\/www.mpal.mp.br\/index.php?rest_route=%2Fwp%2Fv2%2Ftags&post=12176"}],"curies":[{"name":"wp","href":"https:\/\/api.w.org\/{rel}","templated":true}]}}