{"id":12153,"date":"2006-08-25T10:13:09","date_gmt":"2006-08-25T13:13:09","guid":{"rendered":"https:\/\/www.mpal.mp.br\/?p=12153"},"modified":"2022-07-13T10:13:50","modified_gmt":"2022-07-13T13:13:50","slug":"mp-e-secretaria-de-saude-firmam-tac-para-garantir-fim-de-eutanasia","status":"publish","type":"post","link":"https:\/\/www.mpal.mp.br\/?p=12153","title":{"rendered":"MP e Secretaria de Sa\u00fade firmam TAC para garantir fim de eutan\u00e1sia"},"content":{"rendered":"<p style=\"text-align: justify;\"><span style=\"font-size: 14pt;\">O secret\u00e1rio municipal de Sa\u00fade, Jo\u00e3o Mac\u00e1rio, assina ter\u00e7a-feira (29\/8) Termo de Ajuste de Conduta, no qual o munic\u00edpio se compromete a substituir a \u201ceutan\u00e1sia\u201d de c\u00e3es e gatos pela esteriliza\u00e7\u00e3o e inclus\u00e3o em programa de ado\u00e7\u00e3o ou mesmo devolu\u00e7\u00e3o \u00e0s ruas.<\/span><\/p>\n<p style=\"text-align: justify;\"><span style=\"font-size: 14pt;\">O TAC foi proposto pela Promotoria Coletiva Especializada de Defesa do Meio Ambiente. A assinatura acontece na sede do MP alagoano, \u00e0s 14 horas.<\/span><\/p>\n","protected":false},"excerpt":{"rendered":"<p> [&hellip;]<\/p>\n","protected":false},"author":5,"featured_media":12154,"comment_status":"open","ping_status":"open","sticky":false,"template":"","format":"standard","meta":{"om_disable_all_campaigns":false,"_monsterinsights_skip_tracking":false,"_monsterinsights_sitenote_active":false,"_monsterinsights_sitenote_note":"","_monsterinsights_sitenote_category":0,"_uf_show_specific_survey":0,"_uf_disable_surveys":false,"footnotes":""},"categories":[2],"tags":[],"class_list":["post-12153","post","type-post","status-publish","format-standard","has-post-thumbnail","hentry","category-not_mpal"],"aioseo_notices":[],"_links":{"self":[{"href":"https:\/\/www.mpal.mp.br\/index.php?rest_route=\/wp\/v2\/posts\/12153","targetHints":{"allow":["GET"]}}],"collection":[{"href":"https:\/\/www.mpal.mp.br\/index.php?rest_route=\/wp\/v2\/posts"}],"about":[{"href":"https:\/\/www.mpal.mp.br\/index.php?rest_route=\/wp\/v2\/types\/post"}],"author":[{"embeddable":true,"href":"https:\/\/www.mpal.mp.br\/index.php?rest_route=\/wp\/v2\/users\/5"}],"replies":[{"embeddable":true,"href":"https:\/\/www.mpal.mp.br\/index.php?rest_route=%2Fwp%2Fv2%2Fcomments&post=12153"}],"version-history":[{"count":1,"href":"https:\/\/www.mpal.mp.br\/index.php?rest_route=\/wp\/v2\/posts\/12153\/revisions"}],"predecessor-version":[{"id":12155,"href":"https:\/\/www.mpal.mp.br\/index.php?rest_route=\/wp\/v2\/posts\/12153\/revisions\/12155"}],"wp:featuredmedia":[{"embeddable":true,"href":"https:\/\/www.mpal.mp.br\/index.php?rest_route=\/wp\/v2\/media\/12154"}],"wp:attachment":[{"href":"https:\/\/www.mpal.mp.br\/index.php?rest_route=%2Fwp%2Fv2%2Fmedia&parent=12153"}],"wp:term":[{"taxonomy":"category","embeddable":true,"href":"https:\/\/www.mpal.mp.br\/index.php?rest_route=%2Fwp%2Fv2%2Fcategories&post=12153"},{"taxonomy":"post_tag","embeddable":true,"href":"https:\/\/www.mpal.mp.br\/index.php?rest_route=%2Fwp%2Fv2%2Ftags&post=12153"}],"curies":[{"name":"wp","href":"https:\/\/api.w.org\/{rel}","templated":true}]}}