{"id":12133,"date":"2006-09-01T10:04:46","date_gmt":"2006-09-01T13:04:46","guid":{"rendered":"https:\/\/www.mpal.mp.br\/?p=12133"},"modified":"2022-07-13T10:05:31","modified_gmt":"2022-07-13T13:05:31","slug":"mp-vai-se-reunir-com-governador-para-definir-situacao-das-escolas-sem-professores","status":"publish","type":"post","link":"https:\/\/www.mpal.mp.br\/?p=12133","title":{"rendered":"MP vai se reunir com governador para definir situa\u00e7\u00e3o das escolas sem professores"},"content":{"rendered":"<p style=\"text-align: justify;\"><span style=\"font-size: 14pt;\">O Minist\u00e9rio P\u00fablico de Alagoas vai apresentar solu\u00e7\u00f5es para que seja suprida a falta de professores da rede de ensino m\u00e9dio e fundamental do estado ao governador de Alagoas Luis Ab\u00edlio, representantes do Conselho Estadual de Educa\u00e7\u00e3o e da Secretaria Estadual de Educa\u00e7\u00e3o, na pr\u00f3xima semana.<\/span><\/p>\n<p style=\"text-align: justify;\"><span style=\"font-size: 14pt;\">A decis\u00e3o atende a uma s\u00e9rie de reivindica\u00e7\u00f5es de estudantes, pais, professores, diretores das escolas Geraldo Melo, Teonilo Gama, Noel Nutles, Lafaete Belo, On\u00e9lia Campelo, Rodriguez de Melo, Manoel Simpl\u00edcio, Salete Gusm\u00e3o e Guilmar de Almeida Peixoto e de lideran\u00e7as sindicais, que denunciaram a falta de professores em sala de aula, de seguran\u00e7a, de funcion\u00e1rios e de estrutura f\u00edsica nas escolas estaduais, durante audi\u00eancia realizada na tarde desta sexta-feira, no audit\u00f3rio da Procuradoria Geral de Justi\u00e7a.<\/span><\/p>\n<p style=\"text-align: justify;\"><span style=\"font-size: 14pt;\">De acordo com os promotores de Justi\u00e7a, Cec\u00edlia Carna\u00faba e Jamyl Barbosa, da Promotoria da Fazenda P\u00fablica Estadual, o problema apresentado \u00e9 grave e exige solu\u00e7\u00e3o imediata por parte do governo. \u201cN\u00f3s j\u00e1 enviamos um of\u00edcio \u00e0s autoridades competentes para que elas tamb\u00e9m apresentem suas sugest\u00f5es at\u00e9 a pr\u00f3xima sexta-feira\u201d, afirmaram.<\/span><\/p>\n<p style=\"text-align: justify;\"><span style=\"font-size: 14pt;\">Entre as reivindica\u00e7\u00f5es est\u00e3o a nomea\u00e7\u00e3o imediata de professores concursados para suprir a defici\u00eancia do corpo docente no estado e a complementa\u00e7\u00e3o da carga hor\u00e1ria pendente dos anos anteriores no hor\u00e1rio contr\u00e1rio do curso regular relativo a 2006, com ajuda de transporte ou, se necess\u00e1rio, merenda escolar. Eles tamb\u00e9m querem que o n\u00famero de feriados do calend\u00e1rio escolar seja reduzido.<\/span><\/p>\n","protected":false},"excerpt":{"rendered":"<p> [&hellip;]<\/p>\n","protected":false},"author":5,"featured_media":12134,"comment_status":"open","ping_status":"open","sticky":false,"template":"","format":"standard","meta":{"om_disable_all_campaigns":false,"_monsterinsights_skip_tracking":false,"_monsterinsights_sitenote_active":false,"_monsterinsights_sitenote_note":"","_monsterinsights_sitenote_category":0,"_uf_show_specific_survey":0,"_uf_disable_surveys":false,"footnotes":""},"categories":[2],"tags":[],"class_list":["post-12133","post","type-post","status-publish","format-standard","has-post-thumbnail","hentry","category-not_mpal"],"aioseo_notices":[],"_links":{"self":[{"href":"https:\/\/www.mpal.mp.br\/index.php?rest_route=\/wp\/v2\/posts\/12133","targetHints":{"allow":["GET"]}}],"collection":[{"href":"https:\/\/www.mpal.mp.br\/index.php?rest_route=\/wp\/v2\/posts"}],"about":[{"href":"https:\/\/www.mpal.mp.br\/index.php?rest_route=\/wp\/v2\/types\/post"}],"author":[{"embeddable":true,"href":"https:\/\/www.mpal.mp.br\/index.php?rest_route=\/wp\/v2\/users\/5"}],"replies":[{"embeddable":true,"href":"https:\/\/www.mpal.mp.br\/index.php?rest_route=%2Fwp%2Fv2%2Fcomments&post=12133"}],"version-history":[{"count":1,"href":"https:\/\/www.mpal.mp.br\/index.php?rest_route=\/wp\/v2\/posts\/12133\/revisions"}],"predecessor-version":[{"id":12135,"href":"https:\/\/www.mpal.mp.br\/index.php?rest_route=\/wp\/v2\/posts\/12133\/revisions\/12135"}],"wp:featuredmedia":[{"embeddable":true,"href":"https:\/\/www.mpal.mp.br\/index.php?rest_route=\/wp\/v2\/media\/12134"}],"wp:attachment":[{"href":"https:\/\/www.mpal.mp.br\/index.php?rest_route=%2Fwp%2Fv2%2Fmedia&parent=12133"}],"wp:term":[{"taxonomy":"category","embeddable":true,"href":"https:\/\/www.mpal.mp.br\/index.php?rest_route=%2Fwp%2Fv2%2Fcategories&post=12133"},{"taxonomy":"post_tag","embeddable":true,"href":"https:\/\/www.mpal.mp.br\/index.php?rest_route=%2Fwp%2Fv2%2Ftags&post=12133"}],"curies":[{"name":"wp","href":"https:\/\/api.w.org\/{rel}","templated":true}]}}