{"id":12129,"date":"2006-09-01T10:02:38","date_gmt":"2006-09-01T13:02:38","guid":{"rendered":"https:\/\/www.mpal.mp.br\/?p=12129"},"modified":"2022-07-13T10:04:05","modified_gmt":"2022-07-13T13:04:05","slug":"prefeito-de-maceio-e-notificado-pelo-ministerio-publico","status":"publish","type":"post","link":"https:\/\/www.mpal.mp.br\/?p=12129","title":{"rendered":"Prefeito de Macei\u00f3 \u00e9 notificado pelo Minist\u00e9rio P\u00fablico"},"content":{"rendered":"<p style=\"text-align: justify;\"><span style=\"font-size: 14pt;\">O prefeito C\u00edcero Almeida foi notificado pelo Minist\u00e9rio P\u00fablico de Alagoas para apresentar o resultado de auditoria encomendada \u00e0 empresa Trevisan Auditores Independentes para inspe\u00e7\u00e3o das contas do munic\u00edpio na gest\u00e3o anterior. De acordo com os promotores de Justi\u00e7a Marcus R\u00f4mulo Maia, Fernanda Moreira e Hamilton Carneiro, da Fazenda P\u00fablica Municipal, o prefeito tamb\u00e9m deve apresentar ao MP o resultado da auditoria realizada pela Secretaria Municipal de Controle Interno na Secretaria Municipal de Educa\u00e7\u00e3o (Semed).<\/span><\/p>\n","protected":false},"excerpt":{"rendered":"<p> [&hellip;]<\/p>\n","protected":false},"author":5,"featured_media":12130,"comment_status":"open","ping_status":"open","sticky":false,"template":"","format":"standard","meta":{"om_disable_all_campaigns":false,"_monsterinsights_skip_tracking":false,"_monsterinsights_sitenote_active":false,"_monsterinsights_sitenote_note":"","_monsterinsights_sitenote_category":0,"_uf_show_specific_survey":0,"_uf_disable_surveys":false,"footnotes":""},"categories":[2],"tags":[],"class_list":["post-12129","post","type-post","status-publish","format-standard","has-post-thumbnail","hentry","category-not_mpal"],"aioseo_notices":[],"_links":{"self":[{"href":"https:\/\/www.mpal.mp.br\/index.php?rest_route=\/wp\/v2\/posts\/12129","targetHints":{"allow":["GET"]}}],"collection":[{"href":"https:\/\/www.mpal.mp.br\/index.php?rest_route=\/wp\/v2\/posts"}],"about":[{"href":"https:\/\/www.mpal.mp.br\/index.php?rest_route=\/wp\/v2\/types\/post"}],"author":[{"embeddable":true,"href":"https:\/\/www.mpal.mp.br\/index.php?rest_route=\/wp\/v2\/users\/5"}],"replies":[{"embeddable":true,"href":"https:\/\/www.mpal.mp.br\/index.php?rest_route=%2Fwp%2Fv2%2Fcomments&post=12129"}],"version-history":[{"count":1,"href":"https:\/\/www.mpal.mp.br\/index.php?rest_route=\/wp\/v2\/posts\/12129\/revisions"}],"predecessor-version":[{"id":12131,"href":"https:\/\/www.mpal.mp.br\/index.php?rest_route=\/wp\/v2\/posts\/12129\/revisions\/12131"}],"wp:featuredmedia":[{"embeddable":true,"href":"https:\/\/www.mpal.mp.br\/index.php?rest_route=\/wp\/v2\/media\/12130"}],"wp:attachment":[{"href":"https:\/\/www.mpal.mp.br\/index.php?rest_route=%2Fwp%2Fv2%2Fmedia&parent=12129"}],"wp:term":[{"taxonomy":"category","embeddable":true,"href":"https:\/\/www.mpal.mp.br\/index.php?rest_route=%2Fwp%2Fv2%2Fcategories&post=12129"},{"taxonomy":"post_tag","embeddable":true,"href":"https:\/\/www.mpal.mp.br\/index.php?rest_route=%2Fwp%2Fv2%2Ftags&post=12129"}],"curies":[{"name":"wp","href":"https:\/\/api.w.org\/{rel}","templated":true}]}}