{"id":12122,"date":"2006-09-11T09:59:35","date_gmt":"2006-09-11T12:59:35","guid":{"rendered":"https:\/\/www.mpal.mp.br\/?p=12122"},"modified":"2022-07-13T10:00:33","modified_gmt":"2022-07-13T13:00:33","slug":"secretaria-de-educacao-garante-ao-mp-que-vai-nomear-concursados","status":"publish","type":"post","link":"https:\/\/www.mpal.mp.br\/?p=12122","title":{"rendered":"Secretaria de Educa\u00e7\u00e3o garante ao MP que vai nomear concursados"},"content":{"rendered":"<p style=\"text-align: justify;\"><span style=\"font-size: 14pt;\">A Secretaria Executiva de Educa\u00e7\u00e3o (SEE) deve nomear 629 professores aprovados no concurso realizado em 2005. A decis\u00e3o foi apresentada ao Minist\u00e9rio P\u00fablico de Alagoas, em audi\u00eancia realizada nesta segunda-feira, com o objetivo de solucionar o problema da falta de professores nas escolas da rede estadual, que gerou pend\u00eancias para conclus\u00e3o dos anos letivos de 2003, 2004 e 2005.<\/span><\/p>\n<p style=\"text-align: justify;\"><span style=\"font-size: 14pt;\">De acordo com o Secret\u00e1rio Executivo de Educa\u00e7\u00e3o, Pedro Alves, entre as demais propostas apresentadas, que ainda v\u00e3o ser analisadas pela Secretaria de Administra\u00e7\u00e3o, Procuradoria Geral de Justi\u00e7a e Secretaria da Fazenda, est\u00e3o as contrata\u00e7\u00f5es tempor\u00e1ria de 2038 monitores, a abertura de edital para realiza\u00e7\u00e3o de processo de reop\u00e7\u00e3o por lota\u00e7\u00e3o dos professores aprovados e a instaura\u00e7\u00e3o de processo seletivo para aumentar a carga hor\u00e1ria dos professores em exerc\u00edcio.<\/span><\/p>\n<p style=\"text-align: justify;\"><span style=\"font-size: 14pt;\">Segundo os promotores de Justi\u00e7a Cec\u00edlia Carna\u00faba e Jamyl Barbosa, da Promotoria de Justi\u00e7a da Fazenda P\u00fablica Estadual, na pr\u00f3xima segunda-feira, \u00e0s 15 horas, vai ser realizada novamente uma audi\u00eancia com a SEE para que sejam informadas as datas referente \u00e0 publica\u00e7\u00e3o do edital para aumento da carga hor\u00e1ria dos professores em exerc\u00edcio e do edital de reop\u00e7\u00e3o dos professores aprovados.<\/span><\/p>\n<p style=\"text-align: justify;\"><span style=\"font-size: 14pt;\">\u201cCom rela\u00e7\u00e3o \u00e0 defici\u00eancia da transmiss\u00e3o de conhecimento, tendo em vista que o MEC exige 800 horas, \u00e0s reclama\u00e7\u00f5es de que os professores faltam \u00e0s aulas, bem como \u00e0 exist\u00eancia de muitos feriados, a SEE deve realizar apura\u00e7\u00e3o sobre essa quest\u00e3o o mais r\u00e1pido poss\u00edvel e encaminhar a cada dois meses ao MP relat\u00f3rio sobre o andamento dos inqu\u00e9ritos administrativos e sobre projeto de normatiza\u00e7\u00e3o e legisla\u00e7\u00e3o do ensino\u201d, informam os promotores de Justi\u00e7a.<\/span><\/p>\n<p style=\"text-align: justify;\"><span style=\"font-size: 14pt;\">Tamb\u00e9m ficou definido que a SEE deve apresentar at\u00e9 a pr\u00f3xima sexta-feira (22\/9), relat\u00f3rio sobre as escolas que se encontram em situa\u00e7\u00e3o de pend\u00eancia dos anos anteriores e proposta para cumprimento dessa carga hor\u00e1ria.<\/span><\/p>\n<p style=\"text-align: justify;\"><span style=\"font-size: 14pt;\">\u201cDe nossa parte, vamos informar a todos os diretores de escola sobre a responsabilidade civil, penal e social do exerc\u00edcio do cargo, com objetivo de colaborar com uma presta\u00e7\u00e3o mais eficiente do ensino do Estado\u201d, ressaltaram os promotores de Justi\u00e7a.<\/span><\/p>\n<p style=\"text-align: justify;\"><span style=\"font-size: 14pt;\">Seguran\u00e7a nas escolas<\/span><\/p>\n<p style=\"text-align: justify;\"><span style=\"font-size: 14pt;\">Nesta ter\u00e7a-feira, \u00e0s 15 horas, os promotores de Justi\u00e7a Cec\u00edlia Carna\u00faba e Jamyl Barbosa v\u00e3o discutir com dirigentes da Pol\u00edcia Militar de Alagoas problemas relacionados \u00e0 falta de seguran\u00e7a nas escolas estaduais, que tamb\u00e9m foram denunciados pelos estudantes, pais, professores, diretores de escolas de ensino m\u00e9dio e fundamental. A atua\u00e7\u00e3o do Batalh\u00e3o Escolar ser\u00e1 um dos pontos da pauta.<\/span><\/p>\n","protected":false},"excerpt":{"rendered":"<p> [&hellip;]<\/p>\n","protected":false},"author":5,"featured_media":12123,"comment_status":"open","ping_status":"open","sticky":false,"template":"","format":"standard","meta":{"om_disable_all_campaigns":false,"_monsterinsights_skip_tracking":false,"_monsterinsights_sitenote_active":false,"_monsterinsights_sitenote_note":"","_monsterinsights_sitenote_category":0,"_uf_show_specific_survey":0,"_uf_disable_surveys":false,"footnotes":""},"categories":[2],"tags":[],"class_list":["post-12122","post","type-post","status-publish","format-standard","has-post-thumbnail","hentry","category-not_mpal"],"aioseo_notices":[],"_links":{"self":[{"href":"https:\/\/www.mpal.mp.br\/index.php?rest_route=\/wp\/v2\/posts\/12122","targetHints":{"allow":["GET"]}}],"collection":[{"href":"https:\/\/www.mpal.mp.br\/index.php?rest_route=\/wp\/v2\/posts"}],"about":[{"href":"https:\/\/www.mpal.mp.br\/index.php?rest_route=\/wp\/v2\/types\/post"}],"author":[{"embeddable":true,"href":"https:\/\/www.mpal.mp.br\/index.php?rest_route=\/wp\/v2\/users\/5"}],"replies":[{"embeddable":true,"href":"https:\/\/www.mpal.mp.br\/index.php?rest_route=%2Fwp%2Fv2%2Fcomments&post=12122"}],"version-history":[{"count":1,"href":"https:\/\/www.mpal.mp.br\/index.php?rest_route=\/wp\/v2\/posts\/12122\/revisions"}],"predecessor-version":[{"id":12124,"href":"https:\/\/www.mpal.mp.br\/index.php?rest_route=\/wp\/v2\/posts\/12122\/revisions\/12124"}],"wp:featuredmedia":[{"embeddable":true,"href":"https:\/\/www.mpal.mp.br\/index.php?rest_route=\/wp\/v2\/media\/12123"}],"wp:attachment":[{"href":"https:\/\/www.mpal.mp.br\/index.php?rest_route=%2Fwp%2Fv2%2Fmedia&parent=12122"}],"wp:term":[{"taxonomy":"category","embeddable":true,"href":"https:\/\/www.mpal.mp.br\/index.php?rest_route=%2Fwp%2Fv2%2Fcategories&post=12122"},{"taxonomy":"post_tag","embeddable":true,"href":"https:\/\/www.mpal.mp.br\/index.php?rest_route=%2Fwp%2Fv2%2Ftags&post=12122"}],"curies":[{"name":"wp","href":"https:\/\/api.w.org\/{rel}","templated":true}]}}