{"id":12116,"date":"2006-09-14T09:55:29","date_gmt":"2006-09-14T12:55:29","guid":{"rendered":"https:\/\/www.mpal.mp.br\/?p=12116"},"modified":"2022-07-13T09:56:51","modified_gmt":"2022-07-13T12:56:51","slug":"prefeito-acata-recomendacao-do-mp-e-decreta-anulacao-de-contrato-com-escritorio-de-marcelo-brabo","status":"publish","type":"post","link":"https:\/\/www.mpal.mp.br\/?p=12116","title":{"rendered":"Prefeito acata recomenda\u00e7\u00e3o do MP e decreta anula\u00e7\u00e3o de contrato com escrit\u00f3rio de Marcelo Brabo"},"content":{"rendered":"<p style=\"text-align: justify;\"><span style=\"font-size: 14pt;\">O prefeito de Macei\u00f3, C\u00edcero Almeida, decretou a anula\u00e7\u00e3o dos procedimentos administrativos que resultaram na contrata\u00e7\u00e3o irregular do escrit\u00f3rio Jur\u00eddico Brabo Magalh\u00e3es Advogados. A decis\u00e3o, publicada no Di\u00e1rio Oficial do Munic\u00edpio desta quinta-feira, atende \u00e0 recomenda\u00e7\u00e3o do Minist\u00e9rio P\u00fablico de Alagoas, que instaurou inqu\u00e9rito civil p\u00fablico, em maio deste ano, para apurar os motivos que levaram o munic\u00edpio a contratar um escrit\u00f3rio de advocacia particular para represent\u00e1-lo em a\u00e7\u00e3o judicial.<\/span><\/p>\n<p style=\"text-align: justify;\"><span style=\"font-size: 14pt;\">Em junho, o advogado Marcelo Brabo, um dos principais s\u00f3cios do escrit\u00f3rio, chegou a acionar o Conselho Federal da OAB contra o promotor de Justi\u00e7a Marcus R\u00f4mulo Maia e conseguiu que a entidade promovesse um ato de desagravo, em Macei\u00f3. Na \u00e9poca, o Col\u00e9gio de Procuradores de Justi\u00e7a do MP e a Associa\u00e7\u00e3o do Minist\u00e9rio P\u00fablico de Alagoas (Ampal) reagiram \u00e0s ofensas dirigidas ao promotor de Justi\u00e7a com notas de rep\u00fadio ao desagravo e de apoio irrestrito ao trabalho desempenhado pelo promotor de Justi\u00e7a da Promotoria da Fazenda P\u00fablica Municipal.<\/span><\/p>\n<p style=\"text-align: justify;\"><span style=\"font-size: 14pt;\">Na recomenda\u00e7\u00e3o encaminhada ao prefeito de Macei\u00f3, no in\u00edcio deste m\u00eas, em conjunto com os promotores de Justi\u00e7a Fernanda Moreira e Hamilton Carneiro, Marcus R\u00f4mulo alertou ao prefeito de Macei\u00f3 com rela\u00e7\u00e3o \u00e0s falhas nos contratos e nos procedimentos de inexigibilidade de licita\u00e7\u00e3o.<\/span><\/p>\n<p style=\"text-align: justify;\"><span style=\"font-size: 14pt;\">\u201cSe essa recomenda\u00e7\u00e3o n\u00e3o fosse acatada, partir\u00edamos para uma a\u00e7\u00e3o civil p\u00fablica contra o munic\u00edpio\u201d, destacou o promotor de Justi\u00e7a Marcus R\u00f4mulo. Ele relembrou que o escrit\u00f3rio Brabo Magalh\u00e3es Advogados estimou um percentual de 20% de honor\u00e1rios de sucumb\u00eancia sobre o valor total da causa, previsto em mais de R$ 6 milh\u00f5es.<\/span><\/p>\n","protected":false},"excerpt":{"rendered":"<p> [&hellip;]<\/p>\n","protected":false},"author":5,"featured_media":12117,"comment_status":"open","ping_status":"open","sticky":false,"template":"","format":"standard","meta":{"om_disable_all_campaigns":false,"_monsterinsights_skip_tracking":false,"_monsterinsights_sitenote_active":false,"_monsterinsights_sitenote_note":"","_monsterinsights_sitenote_category":0,"_uf_show_specific_survey":0,"_uf_disable_surveys":false,"footnotes":""},"categories":[2],"tags":[],"class_list":["post-12116","post","type-post","status-publish","format-standard","has-post-thumbnail","hentry","category-not_mpal"],"aioseo_notices":[],"_links":{"self":[{"href":"https:\/\/www.mpal.mp.br\/index.php?rest_route=\/wp\/v2\/posts\/12116","targetHints":{"allow":["GET"]}}],"collection":[{"href":"https:\/\/www.mpal.mp.br\/index.php?rest_route=\/wp\/v2\/posts"}],"about":[{"href":"https:\/\/www.mpal.mp.br\/index.php?rest_route=\/wp\/v2\/types\/post"}],"author":[{"embeddable":true,"href":"https:\/\/www.mpal.mp.br\/index.php?rest_route=\/wp\/v2\/users\/5"}],"replies":[{"embeddable":true,"href":"https:\/\/www.mpal.mp.br\/index.php?rest_route=%2Fwp%2Fv2%2Fcomments&post=12116"}],"version-history":[{"count":1,"href":"https:\/\/www.mpal.mp.br\/index.php?rest_route=\/wp\/v2\/posts\/12116\/revisions"}],"predecessor-version":[{"id":12118,"href":"https:\/\/www.mpal.mp.br\/index.php?rest_route=\/wp\/v2\/posts\/12116\/revisions\/12118"}],"wp:featuredmedia":[{"embeddable":true,"href":"https:\/\/www.mpal.mp.br\/index.php?rest_route=\/wp\/v2\/media\/12117"}],"wp:attachment":[{"href":"https:\/\/www.mpal.mp.br\/index.php?rest_route=%2Fwp%2Fv2%2Fmedia&parent=12116"}],"wp:term":[{"taxonomy":"category","embeddable":true,"href":"https:\/\/www.mpal.mp.br\/index.php?rest_route=%2Fwp%2Fv2%2Fcategories&post=12116"},{"taxonomy":"post_tag","embeddable":true,"href":"https:\/\/www.mpal.mp.br\/index.php?rest_route=%2Fwp%2Fv2%2Ftags&post=12116"}],"curies":[{"name":"wp","href":"https:\/\/api.w.org\/{rel}","templated":true}]}}